{"id":130123,"date":"2023-12-01T09:04:12","date_gmt":"2023-12-01T12:04:12","guid":{"rendered":"https:\/\/vinasfm.com\/noticias\/?p=130123"},"modified":"2023-12-02T10:28:14","modified_gmt":"2023-12-02T13:28:14","slug":"salud-dio-a-conocer-los-datos-de-vih-sida-en-la-provincia","status":"publish","type":"post","link":"https:\/\/vinasfm.com\/noticias\/salud-dio-a-conocer-los-datos-de-vih-sida-en-la-provincia\/","title":{"rendered":"SALUD DIO A CONOCER LOS DATOS DE VIH\/SIDA EN LA PROVINCIA"},"content":{"rendered":"<p><span style=\"color: #000000;\"><strong>Seg\u00fan los datos obtenidos, hasta setiembre de este a\u00f1o se diagnosticaron 233 casos, de los cuales 59% corresponde a personas de 30 a 49 a\u00f1os.<\/strong><\/span><\/p>\n<p><span style=\"color: #000000;\">El viernes 1 de diciembre se conmemora el D\u00eda Internacional de la Respuesta al VIH. Por esta raz\u00f3n, el Ministerio de Salud, Desarrollo Social y Deportes dio a conocer los indicadores epidemiol\u00f3gicos de VIH\/Sida correspondiente a 2023.<\/span><\/p>\n<p><span style=\"color: #000000;\">Seg\u00fan los datos del Programa Provincial de Respuesta al VIH, a setiembre de 2023 se diagnosticaron 233 casos en la provincia, teniendo como rango de mayor contagio el sector que va de 30 a 49 a\u00f1os, donde se diagnostica 59% de los casos. La principal v\u00eda de transmisi\u00f3n es la sexual, con m\u00e1s de 99% de los casos. Otro indicador se\u00f1ala que en el segmento de los varones cisg\u00e9nero contin\u00faan registr\u00e1ndose la mayor cantidad de casos, y representa alrededor de 77% del total.<\/span><\/p>\n<p><span style=\"color: #000000;\">Al respecto, V\u00edctor Bittar, jefe del programa provincial, se\u00f1al\u00f3: <em><strong>\u201cEstos indicadores muestran que venimos estabilizados, en una meseta. El n\u00famero de 2023 es parcial al 20 de setiembre, donde se indica que se ha vuelto a n\u00fameros prepandemia, antes de 2019. Es decir que se producen entre 300 y 350 casos nuevos por a\u00f1o en Mendoza\u201d.<\/strong><\/em><\/span><\/p>\n<p><span style=\"color: #000000;\">El funcionario de Salud agreg\u00f3: <em><strong>\u201cHay que aclarar que, en 2020, se dio una ca\u00edda en los casos producto de la cuarentena, dado que la gente no pod\u00eda movilizarse. Luego, empez\u00f3 nuevamente a repuntar la cantidad y este a\u00f1o creemos que estaremos en los mismos valores cuando cerremos el a\u00f1o\u201d.<\/strong><\/em><\/span><\/p>\n<p><span style=\"color: #000000;\">Con respecto a diagn\u00f3sticos tard\u00edos, Bittar sostuvo que <em><strong>\u201cMendoza est\u00e1 por debajo de la media nacional, que es de 44%, siendo que nuestra provincia se ubica en el 32%, lo que constituye un dato sumamente positivo\u201d.<\/strong><\/em><\/span><\/p>\n<p><span style=\"color: #000000;\">En este marco, desde el Programa Provincial de Respuesta al VIH anunciaron una serie de acciones de prevenci\u00f3n y concientizaci\u00f3n sobre el VIH desde el 27 de noviembre al 14 de diciembre. Adem\u00e1s, se realizar\u00e1n testeos gratuitos y se brindar\u00e1 asesoramiento en m\u00e1s de 60 puntos de la provincia.<\/span><\/p>\n","protected":false},"excerpt":{"rendered":"<p>Seg\u00fan los datos obtenidos, hasta setiembre de este a\u00f1o se diagnosticaron 233 casos, de los cuales 59% corresponde a personas de &#8230;<\/p>\n","protected":false},"author":7,"featured_media":130124,"comment_status":"open","ping_status":"open","sticky":false,"template":"","format":"standard","meta":{"footnotes":""},"categories":[5,15],"tags":[],"class_list":["post-130123","post","type-post","status-publish","format-standard","has-post-thumbnail","hentry","category-actualidad","category-salud"],"_links":{"self":[{"href":"https:\/\/vinasfm.com\/noticias\/wp-json\/wp\/v2\/posts\/130123","targetHints":{"allow":["GET"]}}],"collection":[{"href":"https:\/\/vinasfm.com\/noticias\/wp-json\/wp\/v2\/posts"}],"about":[{"href":"https:\/\/vinasfm.com\/noticias\/wp-json\/wp\/v2\/types\/post"}],"author":[{"embeddable":true,"href":"https:\/\/vinasfm.com\/noticias\/wp-json\/wp\/v2\/users\/7"}],"replies":[{"embeddable":true,"href":"https:\/\/vinasfm.com\/noticias\/wp-json\/wp\/v2\/comments?post=130123"}],"version-history":[{"count":1,"href":"https:\/\/vinasfm.com\/noticias\/wp-json\/wp\/v2\/posts\/130123\/revisions"}],"predecessor-version":[{"id":130125,"href":"https:\/\/vinasfm.com\/noticias\/wp-json\/wp\/v2\/posts\/130123\/revisions\/130125"}],"wp:featuredmedia":[{"embeddable":true,"href":"https:\/\/vinasfm.com\/noticias\/wp-json\/wp\/v2\/media\/130124"}],"wp:attachment":[{"href":"https:\/\/vinasfm.com\/noticias\/wp-json\/wp\/v2\/media?parent=130123"}],"wp:term":[{"taxonomy":"category","embeddable":true,"href":"https:\/\/vinasfm.com\/noticias\/wp-json\/wp\/v2\/categories?post=130123"},{"taxonomy":"post_tag","embeddable":true,"href":"https:\/\/vinasfm.com\/noticias\/wp-json\/wp\/v2\/tags?post=130123"}],"curies":[{"name":"wp","href":"https:\/\/api.w.org\/{rel}","templated":true}]}}