{"id":130109,"date":"2023-11-30T19:30:05","date_gmt":"2023-11-30T22:30:05","guid":{"rendered":"https:\/\/vinasfm.com\/noticias\/?p=130109"},"modified":"2023-12-01T10:29:52","modified_gmt":"2023-12-01T13:29:52","slug":"andrea-perez-bernal-pidio-la-renuncia-de-mirta-martinez","status":"publish","type":"post","link":"https:\/\/vinasfm.com\/noticias\/andrea-perez-bernal-pidio-la-renuncia-de-mirta-martinez\/","title":{"rendered":"ANDREA P\u00c9REZ BERNAL PIDI\u00d3 LA RENUNCIA DE MIRTA MART\u00cdNEZ"},"content":{"rendered":"<p><strong>La Vicepresidente Provincial del Partido Dem\u00f3crata expres\u00f3 su descontento con el pedido de la apertura de un nuevo bloque, por parte de la concejal electa.<\/strong><\/p>\n<p>En conferencia de prensa, P\u00e9rez Bernal se mostr\u00f3 en contra del pedido de Mirta Martinez. <strong><em>\u00abEs de p\u00fablico conocimiento que la concejal electa, que es apoyada por el Grupo Libertario de General Alvear, ha manifestado que va a partir el bloque\u00bb<\/em><\/strong>, sostuvo la Vicepresidente Provincial del Partido Dem\u00f3crata y explic\u00f3 que <strong><em>\u00abeso representa aumentar el Gasto P\u00fablico que el Estado tendr\u00e1 que pagar\u00bb.<\/em><\/strong><\/p>\n<p>Martinez era candidata a concejal en segundo t\u00e9rmino en la lista que encabezaba P\u00e9rez Bernal como precandidata a Intendente y tras los resultados de las PASO Provinciales, la hoy concejal electa, pas\u00f3 a integrar la lista del ex candidato a Intendente Javier L\u00f3pez. <strong><em>\u00abDesde la Uni\u00f3n Mendocina decimos darle todo nuestro apoyo a esta lista porque entendimos que la gente quer\u00eda un cambio y estuvimos a punto de lograr la intendencia\u00bb<\/em><\/strong>, record\u00f3 y agreg\u00f3<strong><em> \u00abla premisa de La Uni\u00f3n Mendocina era bajar el Gasto P\u00fablico, es por eso que considero esta situaci\u00f3n como una estafa al electorado\u00bb.\u00a0<\/em><\/strong><\/p>\n<p><img loading=\"lazy\" decoding=\"async\" class=\"\" src=\"https:\/\/igcdn.xyz\/?token=081d0c6a6c9070022416905fc2ea58c10c84a7584dedfbb14b5622d8c8d6193f&amp;time=1701455368&amp;file=https%3a%2f%2fscontent.cdninstagram.com%2fv%2ft51.2885-15%2f344339705_1438926736876238_4687543015692405697_n.jpg%3fstp%3ddst-jpg_e35_p640x640_sh0.08%26_nc_ht%3dscontent.cdninstagram.com%26_nc_cat%3d102%26_nc_ohc%3dbV--hbfXyvcAX9rdWFK%26edm%3dAPs17CUBAAAA%26ccb%3d7-5%26oh%3d00_AfB6x20Ff9d5FcFFM7wiGk67W8HApxd2Usm5tkOc5r0O6Q%26oe%3d656ED26E%26_nc_sid%3d10d13b\" alt=\"SaveInsta\" width=\"400\" height=\"500\" \/><\/p>\n<p>Otras figuras de la pol\u00edtica local vincularon a Andrea en la decisi\u00f3n de Mirta Martinez: <strong><em>\u00abCuando comenzaron los rumores de que pretend\u00eda separar el bloque me contact\u00e9 con ella y le ped\u00ed por favor que no lo hiciera, ella me asegur\u00f3 que no estaba en sus planes la creaci\u00f3n de un nuevo bloque\u00bb.<\/em><\/strong><\/p>\n<p>P\u00e9rez Bernal fue contundente: <strong><em>\u00abQuienes conformamos la lista que encabec\u00e9 estamos en total desacuerdo con lo que la concejal electa pidi\u00f3. Me pongo del lado de la gente por eso considero que, si no cambia esta decisi\u00f3n equivocada, tienen que renunciar\u00bb.<\/em> <\/strong>De renunciar Mart\u00ednez, ser\u00eda Graciela Galaguza quien tome su lugar en el HCD.<\/p>\n","protected":false},"excerpt":{"rendered":"<p>La Vicepresidente Provincial del Partido Dem\u00f3crata expres\u00f3 su descontento con el pedido de la apertura de un nuevo bloque, por parte &#8230;<\/p>\n","protected":false},"author":7,"featured_media":130136,"comment_status":"open","ping_status":"open","sticky":false,"template":"","format":"standard","meta":{"footnotes":""},"categories":[1],"tags":[],"class_list":["post-130109","post","type-post","status-publish","format-standard","has-post-thumbnail","hentry","category-fmvinas"],"_links":{"self":[{"href":"https:\/\/vinasfm.com\/noticias\/wp-json\/wp\/v2\/posts\/130109","targetHints":{"allow":["GET"]}}],"collection":[{"href":"https:\/\/vinasfm.com\/noticias\/wp-json\/wp\/v2\/posts"}],"about":[{"href":"https:\/\/vinasfm.com\/noticias\/wp-json\/wp\/v2\/types\/post"}],"author":[{"embeddable":true,"href":"https:\/\/vinasfm.com\/noticias\/wp-json\/wp\/v2\/users\/7"}],"replies":[{"embeddable":true,"href":"https:\/\/vinasfm.com\/noticias\/wp-json\/wp\/v2\/comments?post=130109"}],"version-history":[{"count":4,"href":"https:\/\/vinasfm.com\/noticias\/wp-json\/wp\/v2\/posts\/130109\/revisions"}],"predecessor-version":[{"id":130138,"href":"https:\/\/vinasfm.com\/noticias\/wp-json\/wp\/v2\/posts\/130109\/revisions\/130138"}],"wp:featuredmedia":[{"embeddable":true,"href":"https:\/\/vinasfm.com\/noticias\/wp-json\/wp\/v2\/media\/130136"}],"wp:attachment":[{"href":"https:\/\/vinasfm.com\/noticias\/wp-json\/wp\/v2\/media?parent=130109"}],"wp:term":[{"taxonomy":"category","embeddable":true,"href":"https:\/\/vinasfm.com\/noticias\/wp-json\/wp\/v2\/categories?post=130109"},{"taxonomy":"post_tag","embeddable":true,"href":"https:\/\/vinasfm.com\/noticias\/wp-json\/wp\/v2\/tags?post=130109"}],"curies":[{"name":"wp","href":"https:\/\/api.w.org\/{rel}","templated":true}]}}