{"id":129977,"date":"2023-11-28T10:15:38","date_gmt":"2023-11-28T13:15:38","guid":{"rendered":"https:\/\/vinasfm.com\/noticias\/?p=129977"},"modified":"2023-11-29T09:30:56","modified_gmt":"2023-11-29T12:30:56","slug":"robaron-en-una-finca-del-indente-electo-alejandro-molero","status":"publish","type":"post","link":"https:\/\/vinasfm.com\/noticias\/robaron-en-una-finca-del-indente-electo-alejandro-molero\/","title":{"rendered":"ROBARON EN UNA FINCA DEL INTENDENTE ELECTO, ALEJANDRO MOLERO"},"content":{"rendered":"<p><strong>El hecho se produjo en la noche del lunes, en una propiedad ubicada en Carmensa<\/strong><\/p>\n<p>En las \u00faltimas horas, delincuentes lograron ingresar a un inmueble rural perteneciente al futuro jefe comunal, actual\u00a0<b>presidente del Iscamen<\/b>.\u00a0Seg\u00fan la informaci\u00f3n oficial, los ladrones aprovecharon la ausencia de los responsables de la vivienda y sustrajeron una bater\u00eda y una motosierra, entre otros elementos.<\/p>\n<p>Hasta el momento, no hay novedades respecto a la identificaci\u00f3n de los malvivientes, como tampoco el destino de los art\u00edculos sustra\u00eddos.<\/p>\n","protected":false},"excerpt":{"rendered":"<p>El hecho se produjo en la noche del lunes, en una propiedad ubicada en Carmensa En las \u00faltimas horas, delincuentes lograron &#8230;<\/p>\n","protected":false},"author":7,"featured_media":129978,"comment_status":"open","ping_status":"open","sticky":false,"template":"","format":"standard","meta":{"footnotes":""},"categories":[5,4],"tags":[],"class_list":["post-129977","post","type-post","status-publish","format-standard","has-post-thumbnail","hentry","category-actualidad","category-policiales"],"_links":{"self":[{"href":"https:\/\/vinasfm.com\/noticias\/wp-json\/wp\/v2\/posts\/129977","targetHints":{"allow":["GET"]}}],"collection":[{"href":"https:\/\/vinasfm.com\/noticias\/wp-json\/wp\/v2\/posts"}],"about":[{"href":"https:\/\/vinasfm.com\/noticias\/wp-json\/wp\/v2\/types\/post"}],"author":[{"embeddable":true,"href":"https:\/\/vinasfm.com\/noticias\/wp-json\/wp\/v2\/users\/7"}],"replies":[{"embeddable":true,"href":"https:\/\/vinasfm.com\/noticias\/wp-json\/wp\/v2\/comments?post=129977"}],"version-history":[{"count":4,"href":"https:\/\/vinasfm.com\/noticias\/wp-json\/wp\/v2\/posts\/129977\/revisions"}],"predecessor-version":[{"id":130020,"href":"https:\/\/vinasfm.com\/noticias\/wp-json\/wp\/v2\/posts\/129977\/revisions\/130020"}],"wp:featuredmedia":[{"embeddable":true,"href":"https:\/\/vinasfm.com\/noticias\/wp-json\/wp\/v2\/media\/129978"}],"wp:attachment":[{"href":"https:\/\/vinasfm.com\/noticias\/wp-json\/wp\/v2\/media?parent=129977"}],"wp:term":[{"taxonomy":"category","embeddable":true,"href":"https:\/\/vinasfm.com\/noticias\/wp-json\/wp\/v2\/categories?post=129977"},{"taxonomy":"post_tag","embeddable":true,"href":"https:\/\/vinasfm.com\/noticias\/wp-json\/wp\/v2\/tags?post=129977"}],"curies":[{"name":"wp","href":"https:\/\/api.w.org\/{rel}","templated":true}]}}