{"id":129956,"date":"2023-11-28T08:58:43","date_gmt":"2023-11-28T11:58:43","guid":{"rendered":"https:\/\/vinasfm.com\/noticias\/?p=129956"},"modified":"2023-11-28T08:58:43","modified_gmt":"2023-11-28T11:58:43","slug":"fernandez-completo-una-vacante-en-la-justicia-federal-de-mendoza","status":"publish","type":"post","link":"https:\/\/vinasfm.com\/noticias\/fernandez-completo-una-vacante-en-la-justicia-federal-de-mendoza\/","title":{"rendered":"FERN\u00c1NDEZ COMPLET\u00d3 UNA VACANTE EN LA JUSTICIA FEDERAL DE MENDOZA"},"content":{"rendered":"<div class=\"description-boxed\"><span style=\"color: #000000;\"><strong>D\u00edas antes de dejar la Casa Rosada, el presidente firm\u00f3 el decreto de nombramiento del defensor oficial de San Rafael.<\/strong><\/span><\/div>\n<div><\/div>\n<div><span style=\"color: #000000;\">Despu\u00e9s de la aprobaci\u00f3n del Senado, finalmente el presidente\u00a0<b>Alberto Fern\u00e1ndez<\/b>\u00a0firm\u00f3 y public\u00f3 el decreto de nombramiento para completar\u00a0<b>una de las tantas vacantes<\/b>\u00a0que hay en la\u00a0<b>Justicia Federal de Mendoza<\/b>.<\/span><\/div>\n<div><\/div>\n<div><span style=\"color: #000000;\">Se trata del nombramiento de <b>Omar Abd\u00f3n Bittar<\/b>\u00a0como\u00a0<b>defensor p\u00fablico oficia<\/b>l ante el Juzgado Federal de Primera Instancia de\u00a0<b>San Rafael.<\/b><\/span><\/div>\n<div>\n<p><span style=\"color: #000000;\">Dice el decreto publicado este martes en el Bolet\u00edn Oficial de la Naci\u00f3n: <em><strong>\u00abN\u00f3mbrase defensor p\u00fablico oficial ante el Juzgado Federal de Primera Instancia de San Rafael, Provincia de Mendoza, al doctor Omar Abd\u00f3n Bittar\u00bb.<\/strong><\/em><\/span><\/p>\n<p><span style=\"color: #000000;\">El pliego de\u00a0<b>Bittar<\/b>, abogado recibido en la Universidad de Mendoza en el a\u00f1o 2005, se aprob\u00f3 en el\u00a0<b>Senado<\/b>\u00a0en aquel marat\u00f3nica sesi\u00f3n de septiembre en la que se avalaron decenas de pliegos, incluido el de la jueza\u00a0<b>Ana Mar\u00eda Figueroa.<\/b><\/span><\/p>\n<p>&nbsp;<\/p>\n<\/div>\n","protected":false},"excerpt":{"rendered":"<p>D\u00edas antes de dejar la Casa Rosada, el presidente firm\u00f3 el decreto de nombramiento del defensor oficial de San Rafael. Despu\u00e9s &#8230;<\/p>\n","protected":false},"author":7,"featured_media":129959,"comment_status":"open","ping_status":"open","sticky":false,"template":"","format":"standard","meta":{"footnotes":""},"categories":[1],"tags":[],"class_list":["post-129956","post","type-post","status-publish","format-standard","has-post-thumbnail","hentry","category-fmvinas"],"_links":{"self":[{"href":"https:\/\/vinasfm.com\/noticias\/wp-json\/wp\/v2\/posts\/129956","targetHints":{"allow":["GET"]}}],"collection":[{"href":"https:\/\/vinasfm.com\/noticias\/wp-json\/wp\/v2\/posts"}],"about":[{"href":"https:\/\/vinasfm.com\/noticias\/wp-json\/wp\/v2\/types\/post"}],"author":[{"embeddable":true,"href":"https:\/\/vinasfm.com\/noticias\/wp-json\/wp\/v2\/users\/7"}],"replies":[{"embeddable":true,"href":"https:\/\/vinasfm.com\/noticias\/wp-json\/wp\/v2\/comments?post=129956"}],"version-history":[{"count":1,"href":"https:\/\/vinasfm.com\/noticias\/wp-json\/wp\/v2\/posts\/129956\/revisions"}],"predecessor-version":[{"id":129960,"href":"https:\/\/vinasfm.com\/noticias\/wp-json\/wp\/v2\/posts\/129956\/revisions\/129960"}],"wp:featuredmedia":[{"embeddable":true,"href":"https:\/\/vinasfm.com\/noticias\/wp-json\/wp\/v2\/media\/129959"}],"wp:attachment":[{"href":"https:\/\/vinasfm.com\/noticias\/wp-json\/wp\/v2\/media?parent=129956"}],"wp:term":[{"taxonomy":"category","embeddable":true,"href":"https:\/\/vinasfm.com\/noticias\/wp-json\/wp\/v2\/categories?post=129956"},{"taxonomy":"post_tag","embeddable":true,"href":"https:\/\/vinasfm.com\/noticias\/wp-json\/wp\/v2\/tags?post=129956"}],"curies":[{"name":"wp","href":"https:\/\/api.w.org\/{rel}","templated":true}]}}