{"id":129895,"date":"2023-11-27T08:25:06","date_gmt":"2023-11-27T11:25:06","guid":{"rendered":"https:\/\/vinasfm.com\/noticias\/?p=129895"},"modified":"2023-11-27T10:50:20","modified_gmt":"2023-11-27T13:50:20","slug":"4-nuevos-robos-ocurrieron-durante-el-fin-de-semana-en-general-alvear","status":"publish","type":"post","link":"https:\/\/vinasfm.com\/noticias\/4-nuevos-robos-ocurrieron-durante-el-fin-de-semana-en-general-alvear\/","title":{"rendered":"4 NUEVOS ROBOS OCURRIERON DURANTE EL FIN DE SEMANA EN GENERAL ALVEAR"},"content":{"rendered":"<p><span style=\"color: #000000;\"><strong>Los hechos delictivos tuieron lugar en distintos puntos del departamento.<\/strong><\/span><\/p>\n<p><span style=\"color: #000000;\"><strong>El d\u00eda viernes<\/strong> en horas de la tarde, promediando las 18:30 horas aproximadamente,la propietaria de un domicilio ubicado en <strong>calle 5 y prolongaci\u00f3n Santa Fe<\/strong>, arriba al domicilio donde una vez en el interior puede constatar que <strong>un sujeto se encontraba en el patio<\/strong>, el cual al ver llegar la v\u00edctima <strong>r\u00e1pidamente se retira del lugar<\/strong> pudiendo esta constatar que el sujeto hab\u00eda sustra\u00eddo un tel\u00e9fono celular.<\/span><\/p>\n<p><span style=\"color: #000000;\">El d\u00eda s\u00e1bado en horas de la ma\u00f1ana se recepciona una denuncia en Comisar\u00eda 14. La v\u00edctima da cuenta que\u00a0el d\u00eda viernes, en horas de la noche, <strong>dej\u00f3 su moto frente al domicilio con medidas de seguridad<\/strong>, al levantarse en horas de la ma\u00f1ana constata qu\u00e9 personas desconocidas, previo destrabar la palanca del manubrio, <strong>le sustraen la motocicleta marca Corven 110 cc.<\/strong><\/span><\/p>\n<p><span style=\"color: #000000;\">El d\u00eda s\u00e1bado la v\u00edctima que realiz\u00f3 la denuncia en Comisar\u00eda 14 en horas de la ma\u00f1ana, da cuenta que posee una <strong>propiedad en construcci\u00f3n en calle Emilio Civit al 1300<\/strong> y al concurrir al lugar constata que personas desconocidas, previo violentar un acceso a la vivienda; <strong>sustraen del interior el cableado el\u00e9ctrico siendo un total de 600 metros aproximadamente.<\/strong><\/span><\/p>\n<p><span style=\"color: #000000;\"><strong>El d\u00eda domingo, cerca de las 06:00 horas<\/strong>, se toma conocimiento que el local comercial ubicado en la intersecci\u00f3n de Avenida Alvaro Oeste y Belgrano, de raz\u00f3n social \u00ab<strong>El Gringo<\/strong>\u00bb habr\u00eda sido v\u00edctima de un il\u00edcito. Constituido el personal policial, constata que autores ignorados <strong>previos romper una de las vidrieras proceden a la sustracci\u00f3n de distintas prendas de vestir del interior del local.<\/strong><\/span><\/p>\n","protected":false},"excerpt":{"rendered":"<p>Los hechos delictivos tuieron lugar en distintos puntos del departamento. El d\u00eda viernes en horas de la tarde, promediando las 18:30 &#8230;<\/p>\n","protected":false},"author":7,"featured_media":129491,"comment_status":"open","ping_status":"open","sticky":false,"template":"","format":"standard","meta":{"footnotes":""},"categories":[5,4],"tags":[],"class_list":["post-129895","post","type-post","status-publish","format-standard","has-post-thumbnail","hentry","category-actualidad","category-policiales"],"_links":{"self":[{"href":"https:\/\/vinasfm.com\/noticias\/wp-json\/wp\/v2\/posts\/129895","targetHints":{"allow":["GET"]}}],"collection":[{"href":"https:\/\/vinasfm.com\/noticias\/wp-json\/wp\/v2\/posts"}],"about":[{"href":"https:\/\/vinasfm.com\/noticias\/wp-json\/wp\/v2\/types\/post"}],"author":[{"embeddable":true,"href":"https:\/\/vinasfm.com\/noticias\/wp-json\/wp\/v2\/users\/7"}],"replies":[{"embeddable":true,"href":"https:\/\/vinasfm.com\/noticias\/wp-json\/wp\/v2\/comments?post=129895"}],"version-history":[{"count":5,"href":"https:\/\/vinasfm.com\/noticias\/wp-json\/wp\/v2\/posts\/129895\/revisions"}],"predecessor-version":[{"id":129917,"href":"https:\/\/vinasfm.com\/noticias\/wp-json\/wp\/v2\/posts\/129895\/revisions\/129917"}],"wp:featuredmedia":[{"embeddable":true,"href":"https:\/\/vinasfm.com\/noticias\/wp-json\/wp\/v2\/media\/129491"}],"wp:attachment":[{"href":"https:\/\/vinasfm.com\/noticias\/wp-json\/wp\/v2\/media?parent=129895"}],"wp:term":[{"taxonomy":"category","embeddable":true,"href":"https:\/\/vinasfm.com\/noticias\/wp-json\/wp\/v2\/categories?post=129895"},{"taxonomy":"post_tag","embeddable":true,"href":"https:\/\/vinasfm.com\/noticias\/wp-json\/wp\/v2\/tags?post=129895"}],"curies":[{"name":"wp","href":"https:\/\/api.w.org\/{rel}","templated":true}]}}