{"id":129773,"date":"2023-11-23T10:17:39","date_gmt":"2023-11-23T13:17:39","guid":{"rendered":"https:\/\/vinasfm.com\/noticias\/?p=129773"},"modified":"2023-11-24T09:40:20","modified_gmt":"2023-11-24T12:40:20","slug":"la-camara-inmobiliaria-de-mendoza-a-favor-de-derogar-la-ley-de-alquileres","status":"publish","type":"post","link":"https:\/\/vinasfm.com\/noticias\/la-camara-inmobiliaria-de-mendoza-a-favor-de-derogar-la-ley-de-alquileres\/","title":{"rendered":"LA C\u00c1MARA INMOBILIARIA DE MENDOZA, A FAVOR DE DEROGAR LA LEY DE ALQUILERES"},"content":{"rendered":"<div class=\"description-boxed\"><strong><span style=\"color: #000000;\">Sostienen que permitir\u00e1 poner en el mercado de alquileres m\u00e1s inmuebles, generando m\u00e1s oferta, que \u00abhoy no hay\u00bb.<\/span><\/strong><\/div>\n<div><\/div>\n<div><span style=\"color: #000000;\"><b>Uno de los ejes m\u00e1s discutidos de la reciente campa\u00f1a electoral<\/b>, que se dirimi\u00f3 en el balotaje presidencial entre<b>\u00a0Javier Milei y Sergio Massa, fue el tema de la Ley de Alquileres<\/b>, que tuvo una reciente modificaci\u00f3n en el Congreso nacional.<\/span><\/div>\n<div><\/div>\n<div><span style=\"color: #000000;\"><b>La crisis habitacional y la poca oferta de alquileres han planteado un escenario donde poder alquilar un inmueble, se torna una odisea<\/b>\u00a0cada vez m\u00e1s compleja. Adem\u00e1s, la crisis econ\u00f3mica que atraviesa el pa\u00eds y la alta inflaci\u00f3n, suman un c\u00f3ctel que restringe cada vez m\u00e1s la oferta de inmuebles y eleva los precios de los alquileres.\u00a0<\/span><\/div>\n<div><\/div>\n<div><span style=\"color: #000000;\">Luego del balotaje y con el resultado confirmado,\u00a0<b>Javier Milei\u00a0<\/b>ser\u00e1 el pr\u00f3ximo presidente de Argentina. Una de las propuestas del presidente electo es\u00a0<b>derogar la Ley de Alquileres<\/b>, cuya \u00faltima actualizaci\u00f3n se sancion\u00f3 a principios de octubre, debido a que \u00abhay que entender que es un acuerdo entre partes\u00bb, hab\u00eda dicho el presidente electo.<\/span><\/div>\n<div><\/div>\n<div><span style=\"color: #000000;\"><b>Roberto Irrera, titular de la C\u00e1mara Inmobiliaria de Mendoza, <\/b>se\u00f1al\u00f3 que <em><strong>\u00abMucha gente ha preferido hacer una renovaci\u00f3n parcial (de los contratos) viendo como resultaba la ley y bueno, despu\u00e9s del domingo, que el presidente electo dice que va a derogar la Ley, obviamente\u00a0ninguno quiere renovar por m\u00e1s de unos meses hasta que salga esa derogaci\u00f3n parcial\u00bb<\/strong><\/em>.<\/span><\/div>\n<div><\/div>\n<div><span style=\"color: #000000;\">Desde la \u00faltima modificaci\u00f3n de dicha Ley, sancionada hace poco m\u00e1s de un mes, ha habido poca actividad, de hecho<em><strong> \u00abLo \u00fanico que ha habido es renovaci\u00f3n de aquella gente que honestamente vive de sus alquileres, que por lo general son los jubilados y con eso se ayudan a la jubilaci\u00f3n\u00bb<\/strong><\/em>, analiz\u00f3 el titular de la C\u00e1mara.<\/span><\/div>\n<h6>MendozaPost<\/h6>\n","protected":false},"excerpt":{"rendered":"<p>Sostienen que permitir\u00e1 poner en el mercado de alquileres m\u00e1s inmuebles, generando m\u00e1s oferta, que \u00abhoy no hay\u00bb. Uno de los &#8230;<\/p>\n","protected":false},"author":7,"featured_media":129774,"comment_status":"open","ping_status":"open","sticky":false,"template":"","format":"standard","meta":{"footnotes":""},"categories":[5,10],"tags":[],"class_list":["post-129773","post","type-post","status-publish","format-standard","has-post-thumbnail","hentry","category-actualidad","category-destacadas"],"_links":{"self":[{"href":"https:\/\/vinasfm.com\/noticias\/wp-json\/wp\/v2\/posts\/129773","targetHints":{"allow":["GET"]}}],"collection":[{"href":"https:\/\/vinasfm.com\/noticias\/wp-json\/wp\/v2\/posts"}],"about":[{"href":"https:\/\/vinasfm.com\/noticias\/wp-json\/wp\/v2\/types\/post"}],"author":[{"embeddable":true,"href":"https:\/\/vinasfm.com\/noticias\/wp-json\/wp\/v2\/users\/7"}],"replies":[{"embeddable":true,"href":"https:\/\/vinasfm.com\/noticias\/wp-json\/wp\/v2\/comments?post=129773"}],"version-history":[{"count":1,"href":"https:\/\/vinasfm.com\/noticias\/wp-json\/wp\/v2\/posts\/129773\/revisions"}],"predecessor-version":[{"id":129775,"href":"https:\/\/vinasfm.com\/noticias\/wp-json\/wp\/v2\/posts\/129773\/revisions\/129775"}],"wp:featuredmedia":[{"embeddable":true,"href":"https:\/\/vinasfm.com\/noticias\/wp-json\/wp\/v2\/media\/129774"}],"wp:attachment":[{"href":"https:\/\/vinasfm.com\/noticias\/wp-json\/wp\/v2\/media?parent=129773"}],"wp:term":[{"taxonomy":"category","embeddable":true,"href":"https:\/\/vinasfm.com\/noticias\/wp-json\/wp\/v2\/categories?post=129773"},{"taxonomy":"post_tag","embeddable":true,"href":"https:\/\/vinasfm.com\/noticias\/wp-json\/wp\/v2\/tags?post=129773"}],"curies":[{"name":"wp","href":"https:\/\/api.w.org\/{rel}","templated":true}]}}