{"id":129759,"date":"2023-11-23T09:47:43","date_gmt":"2023-11-23T12:47:43","guid":{"rendered":"https:\/\/vinasfm.com\/noticias\/?p=129759"},"modified":"2023-11-24T08:42:04","modified_gmt":"2023-11-24T11:42:04","slug":"marcolini-celebro-el-crecimiento-habitacional-de-alvear","status":"publish","type":"post","link":"https:\/\/vinasfm.com\/noticias\/marcolini-celebro-el-crecimiento-habitacional-de-alvear\/","title":{"rendered":"MARCOLINI CELEBR\u00d3 EL CRECIMIENTO HABITACIONAL DE ALVEAR"},"content":{"rendered":"<p><span style=\"color: #000000;\"><strong>En las \u00faltimas horas el INDEC public\u00f3 los datos finales del CENSO 2022. General Alvear registr\u00f3 un importante crecimiento. <\/strong><\/span><\/p>\n<p><span style=\"color: #000000;\">El Sr Intendente, Walther Marcolini, celebr\u00f3 el importante n\u00famero de habitantes con el que cuenta el departamento. Y es que seg\u00fan los datos publicados por el Instituto Nacional de Estad\u00edstica y Censos, General Alvear cuenta con 52.584 ciudadanos.<\/span><\/p>\n<p><span style=\"color: #000000;\"><strong><em>\u00a0<\/em><em> \u201cEs una noticia muy buena, la cifra habla de la necesidad de pol\u00edticas p\u00fablicas para asegurar la calidad de vida de cada uno de los ciudadanos\u201d<\/em><\/strong>, expres\u00f3 Marcolini. En relaci\u00f3n a la cifra compartida anteriormente, la cual suger\u00eda que Alvear ten\u00eda poco m\u00e1s de 30.000 habitantes, dijo <strong><em>\u201cera casi imposible que el departamento no hubiera crecido con el paso de los a\u00f1os, tuvimos un estanque en las dos d\u00e9cadas anteriores pero hoy contamos con una tasa de 13% de crecimiento\u201d.<\/em><\/strong><\/span><\/p>\n<p><span style=\"color: #000000;\">A los de 50.000 habitantes que residen \u00a0en el departamento se deben sumar los ciudadanos de distritos vecinos, como Real Del Padre y Villa Atuel, y localidades de provincias vecinas como La Pampa que dependen de Alvear. <strong><em>\u201cLos l\u00edmites f\u00edsicos y pol\u00edticos no hacen a la realidad sociol\u00f3gica de un territorio. Nuestra influencia va mucho m\u00e1s all\u00e1 de los l\u00edmites geogr\u00e1ficos y de ah\u00ed deben partir las estrategias de desarrollo\u201d<\/em><\/strong>, sostuvo el Jefe Comunal.<\/span><\/p>\n<p><span style=\"color: #000000;\">Con este sorprendente n\u00famero, General Alvear se posiciona por encima de Jun\u00edn, La Paz, Lavalle, Santa Rosa, San Carlos y Tupungato. <em><strong>\u201cSe demostr\u00f3 que cada acci\u00f3n realizada en los \u00faltimos a\u00f1os tiene alg\u00fan nivel de influencia, los ciudadanos deciden quedarse y apostar por Alvear\u201d<\/strong>,<\/em> culmin\u00f3 Walther Marcolini.<\/span><\/p>\n","protected":false},"excerpt":{"rendered":"<p>En las \u00faltimas horas el INDEC public\u00f3 los datos finales del CENSO 2022. General Alvear registr\u00f3 un importante crecimiento. El Sr &#8230;<\/p>\n","protected":false},"author":7,"featured_media":129761,"comment_status":"open","ping_status":"open","sticky":false,"template":"","format":"standard","meta":{"footnotes":""},"categories":[5,10],"tags":[],"class_list":["post-129759","post","type-post","status-publish","format-standard","has-post-thumbnail","hentry","category-actualidad","category-destacadas"],"_links":{"self":[{"href":"https:\/\/vinasfm.com\/noticias\/wp-json\/wp\/v2\/posts\/129759","targetHints":{"allow":["GET"]}}],"collection":[{"href":"https:\/\/vinasfm.com\/noticias\/wp-json\/wp\/v2\/posts"}],"about":[{"href":"https:\/\/vinasfm.com\/noticias\/wp-json\/wp\/v2\/types\/post"}],"author":[{"embeddable":true,"href":"https:\/\/vinasfm.com\/noticias\/wp-json\/wp\/v2\/users\/7"}],"replies":[{"embeddable":true,"href":"https:\/\/vinasfm.com\/noticias\/wp-json\/wp\/v2\/comments?post=129759"}],"version-history":[{"count":3,"href":"https:\/\/vinasfm.com\/noticias\/wp-json\/wp\/v2\/posts\/129759\/revisions"}],"predecessor-version":[{"id":129776,"href":"https:\/\/vinasfm.com\/noticias\/wp-json\/wp\/v2\/posts\/129759\/revisions\/129776"}],"wp:featuredmedia":[{"embeddable":true,"href":"https:\/\/vinasfm.com\/noticias\/wp-json\/wp\/v2\/media\/129761"}],"wp:attachment":[{"href":"https:\/\/vinasfm.com\/noticias\/wp-json\/wp\/v2\/media?parent=129759"}],"wp:term":[{"taxonomy":"category","embeddable":true,"href":"https:\/\/vinasfm.com\/noticias\/wp-json\/wp\/v2\/categories?post=129759"},{"taxonomy":"post_tag","embeddable":true,"href":"https:\/\/vinasfm.com\/noticias\/wp-json\/wp\/v2\/tags?post=129759"}],"curies":[{"name":"wp","href":"https:\/\/api.w.org\/{rel}","templated":true}]}}