{"id":129752,"date":"2023-11-23T08:37:17","date_gmt":"2023-11-23T11:37:17","guid":{"rendered":"https:\/\/vinasfm.com\/noticias\/?p=129752"},"modified":"2023-11-24T08:10:23","modified_gmt":"2023-11-24T11:10:23","slug":"vendimia-2024-comienzan-las-audiciones-para-artistas","status":"publish","type":"post","link":"https:\/\/vinasfm.com\/noticias\/vendimia-2024-comienzan-las-audiciones-para-artistas\/","title":{"rendered":"VENDIMIA 2024: COMIENZAN LAS AUDICIONES PARA ARTISTAS"},"content":{"rendered":"<p><span style=\"color: #000000;\"><strong>La Direcci\u00f3n de Producci\u00f3n Cultural y Vendimia del Ministerio de Cultura y Turismo informa que se inicia el cronograma de audiciones de artistas aspirantes a participar en el acto central de la Fiesta Nacional de la Vendimia,\u00a0<em>Coronados de historia y futuro<\/em>, y en actividades oficiales.<\/strong><\/span><\/p>\n<p><span style=\"color: #000000;\">Este fin de semana comienza el per\u00edodo de audiciones para artistas aspirantes a participar en la temporada Vendimia 2024.<\/span><\/p>\n<p><span style=\"color: #000000;\">Bailarines y actores deber\u00e1n consultar d\u00eda y hora que corresponde a su audici\u00f3n seg\u00fan la disciplina y categor\u00eda en la que se inscribieron. Todas las audiciones se realizar\u00e1n en el Espacio Cultural Julio Le Parc.<\/span><\/p>\n<h2><span style=\"color: #000000;\"><strong>Informaci\u00f3n importante<\/strong><\/span><\/h2>\n<p><span style=\"color: #000000;\">\u25cf Presentarse el d\u00eda de audici\u00f3n con DNI: este requisito es obligatorio y excluyente.<\/span><\/p>\n<p><span style=\"color: #000000;\">\u25cf Artistas con discapacidad: presentarse el d\u00eda de audici\u00f3n con DNI y CUD (certificado \u00danico discapacidad). Requisito obligatorio y excluyente.<\/span><\/p>\n<p><span style=\"color: #000000;\">\u25cf Actrices y actores: Deben presentar el aval emitido por la Asociaci\u00f3n Argentina de Actores (en formato digital).<\/span><\/p>\n<p><span style=\"color: #000000;\">\u25cf Acreditaciones: solo en los horarios establecidos para cada turno. Sin excepci\u00f3n. Turno ma\u00f1ana o turno tarde, seg\u00fan corresponda (prestar especial atenci\u00f3n a los horarios detallados. Fuera de ese tiempo no se permitir\u00e1 el ingreso a la audici\u00f3n).<\/span><\/p>\n<h2><span style=\"color: #000000;\"><strong>Cronograma\u00a0 de audiciones<\/strong><\/span><\/h2>\n<p><span style=\"color: #000000;\"><em>Fiesta Nacional de la Vendimia 2024. Acto Central:<\/em><\/span><\/p>\n<p><span style=\"color: #000000;\">25 y 26 noviembre 2023: Contempor\u00e1neo.<\/span><\/p>\n<p><span style=\"color: #000000;\">02 y 03 diciembre: Actores y actrices.<\/span><\/p>\n<p><span style=\"color: #000000;\">08, 09 y 10 diciembre: Folclore, folclore adultos y folclore discapacidad.<\/span><\/p>\n<p><span style=\"color: #000000;\">Requisitos de presentaci\u00f3n obligatoria para bailarines\/as para la Fiesta Nacional de la Vendimia 2024:<\/span><\/p>\n<p><span style=\"color: #000000;\">Requisito excluyente para audici\u00f3n folclore; folclore adultos; folclore discapacidad: vestuario negro liso de ensayo (sin inscripciones, leyendas o estampas), pa\u00f1uelo blanco, zapatos y botas, peinado recogido con rodete. No se permitir\u00e1 uso de accesorios.<\/span><\/p>\n<p><span style=\"color: #000000;\">Requisito excluyente para audici\u00f3n contempor\u00e1neo-contempor\u00e1neo adultos: vestuario negro liso (sin inscripciones, leyendas o estampas) zapatillas de jazz o medias punta y peinado recogido con rodete. No se permitir\u00e1 uso de accesorios. (No se admiten pies descalzos).<\/span><\/p>\n<p><span style=\"color: #000000;\">Requisitos de presentaci\u00f3n obligatoria para actrices y actores: vestuario negro liso (sin inscripciones, leyendas o estampas).<\/span><\/p>\n<p><span style=\"color: #000000;\"><em>Eventos oficiales calendario Vendimia 2024<\/em>: 16 y 17 de diciembre 2023.<\/span><\/p>\n<p><span style=\"color: #000000;\">Requisitos de presentaci\u00f3n obligatoria para bailarines\/as de eventos oficiales:<\/span><\/p>\n<p><span style=\"color: #000000;\">Folclore: Vestuario negro liso (sin inscripciones, leyendas o estampas), pa\u00f1uelo blanco, zapatos y botas, cabello con rodete.<\/span><\/p>\n<p><span style=\"color: #000000;\">Contempor\u00e1neo: Vestuario negro liso (sin inscripciones, leyendas o estampas), zapatillas acordes a la disciplina, peinado recogido.<\/span><\/p>\n<p><span style=\"color: #000000;\">Actrices y actores: Vestuario negro liso (sin inscripciones, leyendas o estampas).<\/span><\/p>\n<p><span style=\"color: #000000;\">Consultar turno por categor\u00eda<\/span>\u00a0<a href=\"https:\/\/www.mendoza.gov.ar\/cultura\/vendimia\/audiciones-para-artistas-de-fiesta-nacional-de-la-vendimia-y-de-eventos-oficiales-vendimia-2024\/\" target=\"_blank\" rel=\"noreferrer noopener\">aqu\u00ed<\/a>.<\/p>\n<p><span style=\"color: #000000;\">Por consultas e informes, dirigirse a la Direcci\u00f3n de Producci\u00f3n Cultural y Vendimia, Ministerio de Cultura y Turismo Gobierno de Mendoza, Guti\u00e9rrez 204 de Ciudad. De lunes a viernes en horario de 8 a 13. Tel\u00e9fono 3855849.<\/span><\/p>\n<p><span style=\"color: #000000;\">Correo electr\u00f3nico:<\/span>\u00a0<a href=\"mailto:artistasvendimia@mendoza.gov.ar\" target=\"_blank\" rel=\"noreferrer noopener\">artistasvendimia@mendoza.gov.ar<\/a>.<\/p>\n","protected":false},"excerpt":{"rendered":"<p>La Direcci\u00f3n de Producci\u00f3n Cultural y Vendimia del Ministerio de Cultura y Turismo informa que se inicia el cronograma de audiciones &#8230;<\/p>\n","protected":false},"author":7,"featured_media":129753,"comment_status":"open","ping_status":"open","sticky":false,"template":"","format":"standard","meta":{"footnotes":""},"categories":[5,25],"tags":[],"class_list":["post-129752","post","type-post","status-publish","format-standard","has-post-thumbnail","hentry","category-actualidad","category-vendimia"],"_links":{"self":[{"href":"https:\/\/vinasfm.com\/noticias\/wp-json\/wp\/v2\/posts\/129752","targetHints":{"allow":["GET"]}}],"collection":[{"href":"https:\/\/vinasfm.com\/noticias\/wp-json\/wp\/v2\/posts"}],"about":[{"href":"https:\/\/vinasfm.com\/noticias\/wp-json\/wp\/v2\/types\/post"}],"author":[{"embeddable":true,"href":"https:\/\/vinasfm.com\/noticias\/wp-json\/wp\/v2\/users\/7"}],"replies":[{"embeddable":true,"href":"https:\/\/vinasfm.com\/noticias\/wp-json\/wp\/v2\/comments?post=129752"}],"version-history":[{"count":2,"href":"https:\/\/vinasfm.com\/noticias\/wp-json\/wp\/v2\/posts\/129752\/revisions"}],"predecessor-version":[{"id":129807,"href":"https:\/\/vinasfm.com\/noticias\/wp-json\/wp\/v2\/posts\/129752\/revisions\/129807"}],"wp:featuredmedia":[{"embeddable":true,"href":"https:\/\/vinasfm.com\/noticias\/wp-json\/wp\/v2\/media\/129753"}],"wp:attachment":[{"href":"https:\/\/vinasfm.com\/noticias\/wp-json\/wp\/v2\/media?parent=129752"}],"wp:term":[{"taxonomy":"category","embeddable":true,"href":"https:\/\/vinasfm.com\/noticias\/wp-json\/wp\/v2\/categories?post=129752"},{"taxonomy":"post_tag","embeddable":true,"href":"https:\/\/vinasfm.com\/noticias\/wp-json\/wp\/v2\/tags?post=129752"}],"curies":[{"name":"wp","href":"https:\/\/api.w.org\/{rel}","templated":true}]}}