{"id":129738,"date":"2023-11-22T11:19:39","date_gmt":"2023-11-22T14:19:39","guid":{"rendered":"https:\/\/vinasfm.com\/noticias\/?p=129738"},"modified":"2023-11-23T09:59:11","modified_gmt":"2023-11-23T12:59:11","slug":"comenzo-la-temporada-de-ciclismo","status":"publish","type":"post","link":"https:\/\/vinasfm.com\/noticias\/comenzo-la-temporada-de-ciclismo\/","title":{"rendered":"COMENZ\u00d3 LA TEMPORADA DE CICLISMO"},"content":{"rendered":"<p><strong>En la temporada 2023-2024 compiten cerca de 70 pedalistas.<\/strong><\/p>\n<p><span style=\"color: #000000;\">La primera fecha se realiz\u00f3 el pasado fin de semana y ya se trabaja en la segunda. Miguel L\u00f3pez se\u00f1al\u00f3 que <strong><em>\u201ccomo cada vez que se realiza una competencia de estas caracter\u00edsticas, se est\u00e1n obteniendo todos los permisos de la Municipalidad, Polic\u00eda Vial y Servicios de Emergencia\u201d.<\/em><\/strong><\/span><\/p>\n<p><span style=\"color: #000000;\">La temporada inici\u00f3 con cerca de 70 ciclistas, un n\u00famero muy positivo comparado con los m\u00e1s de 110 que compiten en la Vuelta de Alvear. As\u00ed mismo, L\u00f3pez se\u00f1al\u00f3 que <strong><em>\u201cel numero puede variar seg\u00fan las fechas pero el objetivo es mantener el deporte\u201d. <\/em><\/strong><\/span><\/p>\n<p><span style=\"color: #000000;\">Seg\u00fan adelant\u00f3 Osvaldo Donaire <strong><em>\u201cel circuito de la pr\u00f3xima fecha, que ser\u00e1 este s\u00e1bado por la tarde, recorrer\u00e1 la Avenida Libertador Norte y las calles 16, Centenario y O\u201d.<\/em><\/strong> El circuito ya es conocido tanto por los corredores como por el p\u00fablico aficionado al ciclismo.<\/span><\/p>\n","protected":false},"excerpt":{"rendered":"<p>En la temporada 2023-2024 compiten cerca de 70 pedalistas. La primera fecha se realiz\u00f3 el pasado fin de semana y ya &#8230;<\/p>\n","protected":false},"author":7,"featured_media":27608,"comment_status":"open","ping_status":"open","sticky":false,"template":"","format":"standard","meta":{"footnotes":""},"categories":[5,3],"tags":[],"class_list":["post-129738","post","type-post","status-publish","format-standard","has-post-thumbnail","hentry","category-actualidad","category-deportes"],"_links":{"self":[{"href":"https:\/\/vinasfm.com\/noticias\/wp-json\/wp\/v2\/posts\/129738","targetHints":{"allow":["GET"]}}],"collection":[{"href":"https:\/\/vinasfm.com\/noticias\/wp-json\/wp\/v2\/posts"}],"about":[{"href":"https:\/\/vinasfm.com\/noticias\/wp-json\/wp\/v2\/types\/post"}],"author":[{"embeddable":true,"href":"https:\/\/vinasfm.com\/noticias\/wp-json\/wp\/v2\/users\/7"}],"replies":[{"embeddable":true,"href":"https:\/\/vinasfm.com\/noticias\/wp-json\/wp\/v2\/comments?post=129738"}],"version-history":[{"count":2,"href":"https:\/\/vinasfm.com\/noticias\/wp-json\/wp\/v2\/posts\/129738\/revisions"}],"predecessor-version":[{"id":129768,"href":"https:\/\/vinasfm.com\/noticias\/wp-json\/wp\/v2\/posts\/129738\/revisions\/129768"}],"wp:featuredmedia":[{"embeddable":true,"href":"https:\/\/vinasfm.com\/noticias\/wp-json\/wp\/v2\/media\/27608"}],"wp:attachment":[{"href":"https:\/\/vinasfm.com\/noticias\/wp-json\/wp\/v2\/media?parent=129738"}],"wp:term":[{"taxonomy":"category","embeddable":true,"href":"https:\/\/vinasfm.com\/noticias\/wp-json\/wp\/v2\/categories?post=129738"},{"taxonomy":"post_tag","embeddable":true,"href":"https:\/\/vinasfm.com\/noticias\/wp-json\/wp\/v2\/tags?post=129738"}],"curies":[{"name":"wp","href":"https:\/\/api.w.org\/{rel}","templated":true}]}}