{"id":129722,"date":"2023-11-21T16:52:37","date_gmt":"2023-11-21T19:52:37","guid":{"rendered":"https:\/\/vinasfm.com\/noticias\/?p=129722"},"modified":"2023-11-23T08:54:42","modified_gmt":"2023-11-23T11:54:42","slug":"tres-delincuentes-ingresaron-a-robar-a-una-casa-en-bowen","status":"publish","type":"post","link":"https:\/\/vinasfm.com\/noticias\/tres-delincuentes-ingresaron-a-robar-a-una-casa-en-bowen\/","title":{"rendered":"TRES DELINCUENTES INGRESARON A ROBAR A UNA CASA EN BOWEN"},"content":{"rendered":"<p><span style=\"color: #000000;\"><strong>El hecho sucedi\u00f3 en la noche del lunes, en una vivienda ubicada en calle Rivadavia al 400, aproximadamente. <\/strong><\/span><\/p>\n<p><span style=\"color: #000000;\">La familia se\u00f1al\u00f3 que cuando llegaron al inmueble, en horas de la tarde noche, observaron que<em><strong>tres sujetos se estaban retirando del lugar, quienes hab\u00edan ingresado por una puerta trasera que no ten\u00eda medidas de seguridad<\/strong>. <\/em>Tras aportar algunos datos de lo observado<strong>,<\/strong><em><strong> personas de la jurisdicci\u00f3n procedi\u00f3 a la aprehensi\u00f3n de tres sujetos<\/strong> (dos menores de edad y un mayor de edad), <strong>que posteriormente recuperaron la libertad.<\/strong><\/em><\/span><\/p>\n<p><span style=\"color: #000000;\">El Jefe de la Polic\u00eda Departamental, Iv\u00e1n Berm\u00fadez, se\u00f1al\u00f3 que <em><strong>\u201clos ciudadanos fueron detenidos conformes a las caracter\u00edsticas brindadas pero la Justicia resolvi\u00f3 que recuperen su libertad ya que no ten\u00edan en posesi\u00f3n los elementos sustra\u00eddos\u201d. <\/strong><\/em>Es de destacar que la aprehensi\u00f3n ocurri\u00f3 en cercan\u00edas a la vivienda. <\/span><\/p>\n","protected":false},"excerpt":{"rendered":"<p>El hecho sucedi\u00f3 en la noche del lunes, en una vivienda ubicada en calle Rivadavia al 400, aproximadamente. La familia se\u00f1al\u00f3 &#8230;<\/p>\n","protected":false},"author":7,"featured_media":129723,"comment_status":"open","ping_status":"open","sticky":false,"template":"","format":"standard","meta":{"footnotes":""},"categories":[5,4],"tags":[],"class_list":["post-129722","post","type-post","status-publish","format-standard","has-post-thumbnail","hentry","category-actualidad","category-policiales"],"_links":{"self":[{"href":"https:\/\/vinasfm.com\/noticias\/wp-json\/wp\/v2\/posts\/129722","targetHints":{"allow":["GET"]}}],"collection":[{"href":"https:\/\/vinasfm.com\/noticias\/wp-json\/wp\/v2\/posts"}],"about":[{"href":"https:\/\/vinasfm.com\/noticias\/wp-json\/wp\/v2\/types\/post"}],"author":[{"embeddable":true,"href":"https:\/\/vinasfm.com\/noticias\/wp-json\/wp\/v2\/users\/7"}],"replies":[{"embeddable":true,"href":"https:\/\/vinasfm.com\/noticias\/wp-json\/wp\/v2\/comments?post=129722"}],"version-history":[{"count":2,"href":"https:\/\/vinasfm.com\/noticias\/wp-json\/wp\/v2\/posts\/129722\/revisions"}],"predecessor-version":[{"id":129735,"href":"https:\/\/vinasfm.com\/noticias\/wp-json\/wp\/v2\/posts\/129722\/revisions\/129735"}],"wp:featuredmedia":[{"embeddable":true,"href":"https:\/\/vinasfm.com\/noticias\/wp-json\/wp\/v2\/media\/129723"}],"wp:attachment":[{"href":"https:\/\/vinasfm.com\/noticias\/wp-json\/wp\/v2\/media?parent=129722"}],"wp:term":[{"taxonomy":"category","embeddable":true,"href":"https:\/\/vinasfm.com\/noticias\/wp-json\/wp\/v2\/categories?post=129722"},{"taxonomy":"post_tag","embeddable":true,"href":"https:\/\/vinasfm.com\/noticias\/wp-json\/wp\/v2\/tags?post=129722"}],"curies":[{"name":"wp","href":"https:\/\/api.w.org\/{rel}","templated":true}]}}