{"id":129698,"date":"2023-11-21T09:59:34","date_gmt":"2023-11-21T12:59:34","guid":{"rendered":"https:\/\/vinasfm.com\/noticias\/?p=129698"},"modified":"2023-11-22T10:32:17","modified_gmt":"2023-11-22T13:32:17","slug":"carlos-ponce-la-figura-radical-que-fiscalizo-para-milei-en-alvear","status":"publish","type":"post","link":"https:\/\/vinasfm.com\/noticias\/carlos-ponce-la-figura-radical-que-fiscalizo-para-milei-en-alvear\/","title":{"rendered":"CARLOS PONCE, LA FIGURA RADICAL QUE FISCALIZ\u00d3 PARA MILEI EN ALVEAR"},"content":{"rendered":"<p><span style=\"color: #000000;\"><strong>El domingo, los argentinos vivieron una nueva jornada electoral en donde, finalmente, se conoci\u00f3 que Javier Milei ser\u00e1 el pr\u00f3ximo Presidente de Argentina.<\/strong><\/span><\/p>\n<p><span style=\"color: #000000;\">Si bien el radicalismo mendocino se declar\u00f3 neutral ante el Balotaje Electoral en el que se enfrentaron el libertario y Sergio Massa, Carlos Ponce opt\u00f3 por apoyar al candidato de <a href=\"https:\/\/lalibertadavanza.com.ar\/\" target=\"_blank\" rel=\"noopener\">La Libertad Avanza<\/a>. <strong><em>\u201cEvidentemente la sociedad quer\u00eda un cambio en t\u00e9rminos de conducci\u00f3n pol\u00edtica y ayer se consolid\u00f3\u201d<\/em><\/strong>, comenz\u00f3 expresando.<\/span><\/p>\n<p><span style=\"color: #000000;\"><strong><em>\u201cEste momento era de La Libertad Avanza, Petri tuvo el valor de posicionarse en una cuesti\u00f3n muy dif\u00edcil y decid\u00ed seguir ese lineamiento\u201d,<\/em><\/strong> sostuvo Ponce. Adem\u00e1s, destac\u00f3 que \u201c<strong><em>fueron cerca de 30 los radicales que se fueron afectados en la fiscalizaci\u00f3n y decidieron darle respaldo a Milei. Colaboramos para que tuvieran el mejor resultado posible porque lo consideramos importante\u201d. <\/em><\/strong><\/span><\/p>\n<p><span style=\"color: #000000;\">Sobre el resultado que obtuvo el libertario en Mendoza (71,39%) remarc\u00f3 que <strong><em>\u201ceso habla del gran trabajo que supo realizar JxC, se logr\u00f3 que nuestros votos pasaran casi en su totalidad a La Libertad Avanza\u201d.<\/em><\/strong> Por \u00faltimo, Carlos Ponce fue contundente: <strong><em>\u201cMilei le ha dado voz a 40 a\u00f1os frustraci\u00f3n y ahora impulsa un cambio en la pol\u00edtica nacional que nos estaba haciendo padecer a los argentinos\u201d.<\/em><\/strong><\/span><\/p>\n<p><span style=\"color: #000000;\">En sus redes sociales, Ponce le envi\u00f3 un c\u00e1lido mensaje al ahora Presidente Electo: <em>\u00abDesde el equipo Alvearenses por el Futuro UCR queremos felicitar al presidente electo Javier Milei por el contundente resultado electoral en la carrera presidencial. Tambi\u00e9n ponemos en valor la excelente labor realizada por los miembros de La Libertad Avanza de General Alvear que con dedicaci\u00f3n absoluta supieron cuidar cada voto de la ciudadan\u00eda. Junto a ellos pudimos colaborar para el triunfo obtenido en pos de lograr una Argentina mejor\u201d.<\/em><\/span><\/p>\n","protected":false},"excerpt":{"rendered":"<p>El domingo, los argentinos vivieron una nueva jornada electoral en donde, finalmente, se conoci\u00f3 que Javier Milei ser\u00e1 el pr\u00f3ximo Presidente &#8230;<\/p>\n","protected":false},"author":7,"featured_media":129699,"comment_status":"open","ping_status":"open","sticky":false,"template":"","format":"standard","meta":{"footnotes":""},"categories":[5,7],"tags":[],"class_list":["post-129698","post","type-post","status-publish","format-standard","has-post-thumbnail","hentry","category-actualidad","category-politica"],"_links":{"self":[{"href":"https:\/\/vinasfm.com\/noticias\/wp-json\/wp\/v2\/posts\/129698","targetHints":{"allow":["GET"]}}],"collection":[{"href":"https:\/\/vinasfm.com\/noticias\/wp-json\/wp\/v2\/posts"}],"about":[{"href":"https:\/\/vinasfm.com\/noticias\/wp-json\/wp\/v2\/types\/post"}],"author":[{"embeddable":true,"href":"https:\/\/vinasfm.com\/noticias\/wp-json\/wp\/v2\/users\/7"}],"replies":[{"embeddable":true,"href":"https:\/\/vinasfm.com\/noticias\/wp-json\/wp\/v2\/comments?post=129698"}],"version-history":[{"count":2,"href":"https:\/\/vinasfm.com\/noticias\/wp-json\/wp\/v2\/posts\/129698\/revisions"}],"predecessor-version":[{"id":129714,"href":"https:\/\/vinasfm.com\/noticias\/wp-json\/wp\/v2\/posts\/129698\/revisions\/129714"}],"wp:featuredmedia":[{"embeddable":true,"href":"https:\/\/vinasfm.com\/noticias\/wp-json\/wp\/v2\/media\/129699"}],"wp:attachment":[{"href":"https:\/\/vinasfm.com\/noticias\/wp-json\/wp\/v2\/media?parent=129698"}],"wp:term":[{"taxonomy":"category","embeddable":true,"href":"https:\/\/vinasfm.com\/noticias\/wp-json\/wp\/v2\/categories?post=129698"},{"taxonomy":"post_tag","embeddable":true,"href":"https:\/\/vinasfm.com\/noticias\/wp-json\/wp\/v2\/tags?post=129698"}],"curies":[{"name":"wp","href":"https:\/\/api.w.org\/{rel}","templated":true}]}}