{"id":129692,"date":"2023-11-21T09:25:47","date_gmt":"2023-11-21T12:25:47","guid":{"rendered":"https:\/\/vinasfm.com\/noticias\/?p=129692"},"modified":"2023-11-22T09:11:37","modified_gmt":"2023-11-22T12:11:37","slug":"fin-de-semana-largo-con-mucho-movimiento-en-general-alvear","status":"publish","type":"post","link":"https:\/\/vinasfm.com\/noticias\/fin-de-semana-largo-con-mucho-movimiento-en-general-alvear\/","title":{"rendered":"FIN DE SEMANA LARGO CON MUCHO MOVIMIENTO EN GENERAL ALVEAR"},"content":{"rendered":"<p><span style=\"color: #000000;\"><strong>El movimiento tur\u00edstico se vio condicionado por el Balotaje Electoral <\/strong><\/span><\/p>\n<p><span style=\"color: #000000;\">El Director de Turismo del Municipio, Roberto Sim\u00f3n, se\u00f1al\u00f3 que <strong><em>\u201cpese al evento electoral, General Alvear tuvo un gran n\u00famero de reservas\u201d. <\/em><\/strong>El mayor movimiento tur\u00edstico se not\u00f3 desde la noche del domingo, posterior a que se conocieran los resultados del Balotaje.<\/span><\/p>\n<p><span style=\"color: #000000;\"><strong><em>\u201cSi bien solemos tener visitantes de todo el pa\u00eds, los ciudadanos de Neuquen y La Pampa son nuestros principales visitantes\u201d,<\/em><\/strong> sostuvo Sim\u00f3n y agreg\u00f3 que <strong><em>\u201cson dos lugares en donde hay que reforzar la oferta\u201d.<\/em><\/strong> Como en cada balance, destac\u00f3 que la gente se ve mayormente atra\u00edda por la calidad y calidez de los servicios y prestadores alvearenses.<\/span><\/p>\n<p><span style=\"color: #000000;\">Por otro lado, el Director de Turismo de la Comuna anunci\u00f3 que <strong><em>\u201cya se est\u00e1 trabajando en nuestro nuevo edificio\u201d.<\/em><\/strong> Recordemos que la Direcci\u00f3n de Turismo, junto con el Informador Tur\u00edstico, funciona en el edificio inaugurado este a\u00f1o en el Km 0.<\/span><\/p>\n","protected":false},"excerpt":{"rendered":"<p>El movimiento tur\u00edstico se vio condicionado por el Balotaje Electoral El Director de Turismo del Municipio, Roberto Sim\u00f3n, se\u00f1al\u00f3 que \u201cpese &#8230;<\/p>\n","protected":false},"author":7,"featured_media":129693,"comment_status":"open","ping_status":"open","sticky":false,"template":"","format":"standard","meta":{"footnotes":""},"categories":[5,21],"tags":[],"class_list":["post-129692","post","type-post","status-publish","format-standard","has-post-thumbnail","hentry","category-actualidad","category-turismo-2"],"_links":{"self":[{"href":"https:\/\/vinasfm.com\/noticias\/wp-json\/wp\/v2\/posts\/129692","targetHints":{"allow":["GET"]}}],"collection":[{"href":"https:\/\/vinasfm.com\/noticias\/wp-json\/wp\/v2\/posts"}],"about":[{"href":"https:\/\/vinasfm.com\/noticias\/wp-json\/wp\/v2\/types\/post"}],"author":[{"embeddable":true,"href":"https:\/\/vinasfm.com\/noticias\/wp-json\/wp\/v2\/users\/7"}],"replies":[{"embeddable":true,"href":"https:\/\/vinasfm.com\/noticias\/wp-json\/wp\/v2\/comments?post=129692"}],"version-history":[{"count":1,"href":"https:\/\/vinasfm.com\/noticias\/wp-json\/wp\/v2\/posts\/129692\/revisions"}],"predecessor-version":[{"id":129694,"href":"https:\/\/vinasfm.com\/noticias\/wp-json\/wp\/v2\/posts\/129692\/revisions\/129694"}],"wp:featuredmedia":[{"embeddable":true,"href":"https:\/\/vinasfm.com\/noticias\/wp-json\/wp\/v2\/media\/129693"}],"wp:attachment":[{"href":"https:\/\/vinasfm.com\/noticias\/wp-json\/wp\/v2\/media?parent=129692"}],"wp:term":[{"taxonomy":"category","embeddable":true,"href":"https:\/\/vinasfm.com\/noticias\/wp-json\/wp\/v2\/categories?post=129692"},{"taxonomy":"post_tag","embeddable":true,"href":"https:\/\/vinasfm.com\/noticias\/wp-json\/wp\/v2\/tags?post=129692"}],"curies":[{"name":"wp","href":"https:\/\/api.w.org\/{rel}","templated":true}]}}