{"id":129690,"date":"2023-11-20T19:16:25","date_gmt":"2023-11-20T22:16:25","guid":{"rendered":"https:\/\/vinasfm.com\/noticias\/?p=129690"},"modified":"2023-11-22T10:29:41","modified_gmt":"2023-11-22T13:29:41","slug":"adolfo-valverde-se-refirio-al-zona-ocurrido-el-pasado-viernes-no-esperamos-que-fuera-tan-fuerte","status":"publish","type":"post","link":"https:\/\/vinasfm.com\/noticias\/adolfo-valverde-se-refirio-al-zona-ocurrido-el-pasado-viernes-no-esperamos-que-fuera-tan-fuerte\/","title":{"rendered":"ADOLFO VALVERDE SE REFIRI\u00d3 AL ZONA OCURRIDO EL PASADO VIERNES: \u201cNO ESPERAMOS QUE FUERA TAN FUERTE\u201d"},"content":{"rendered":"<p><span style=\"color: #000000;\"><strong>El pasado viernes la provincia estuvo bajo Alerta Roja por viento Zonda, a ra\u00edz de ello hubo estragos en gran parte del territorio.<\/strong><\/span><\/p>\n<p><span style=\"color: #000000;\">Tanto \u00a0la Direcci\u00f3n de Defensa Civil, como Contingencias Clim\u00e1ticas, hab\u00edan alertado por las fuertes r\u00e1fagas de viendo que afectar\u00edan a gran parte del territorio provincial. El d\u00eda s\u00e1bado, Adolfo Valverde, se\u00f1al\u00f3 que <strong>\u201cera la primera vez que ten\u00edamos una Alerta Roja por viento y no se esperaba que fuera tan fuerte\u201d.<\/strong><\/span><\/p>\n<p><span style=\"color: #000000;\">Seg\u00fan indic\u00f3 el Director de Defensa Civil de General Alvear, \u201c<em><strong>hubieron rafas de 90 Km\/h cerca de las 17:00 hs\u201d.\u00a0<\/strong><\/em> En el departamento, los lugares m\u00e1s afectados fueron Alvar Oeste y Ciudad, pero tambi\u00e9n se registraron ca\u00eddas de \u00e1rboles en algunos sectores de Bowen. En cuanto a la zona rural, se registraron\u00a0 4 voladuras de techo y 15 problemas con el tendido el\u00e9ctrico que fueron derivados r\u00e1pidamente a Cecsagal.<\/span><\/p>\n<p><span style=\"color: #000000;\">Respecto al personal se\u00f1al\u00f3 que <em><strong>\u201csiempre estuvieron a disposici\u00f3n, trabajamos en forma conjunta con las Cooperativas Cecsagal y Cospac, y Bomberos Voluntarios de Bowen ya que se registraron\u00a0 algunos focos de incendio\u201d. <\/strong><\/em>Afortunadamente no hubo que lamentar heridos a lo largo de las extensas horas de trabajo.<\/span><\/p>\n","protected":false},"excerpt":{"rendered":"<p>El pasado viernes la provincia estuvo bajo Alerta Roja por viento Zonda, a ra\u00edz de ello hubo estragos en gran parte &#8230;<\/p>\n","protected":false},"author":7,"featured_media":128810,"comment_status":"open","ping_status":"open","sticky":false,"template":"","format":"standard","meta":{"footnotes":""},"categories":[5,51],"tags":[],"class_list":["post-129690","post","type-post","status-publish","format-standard","has-post-thumbnail","hentry","category-actualidad","category-defensa-civil"],"_links":{"self":[{"href":"https:\/\/vinasfm.com\/noticias\/wp-json\/wp\/v2\/posts\/129690","targetHints":{"allow":["GET"]}}],"collection":[{"href":"https:\/\/vinasfm.com\/noticias\/wp-json\/wp\/v2\/posts"}],"about":[{"href":"https:\/\/vinasfm.com\/noticias\/wp-json\/wp\/v2\/types\/post"}],"author":[{"embeddable":true,"href":"https:\/\/vinasfm.com\/noticias\/wp-json\/wp\/v2\/users\/7"}],"replies":[{"embeddable":true,"href":"https:\/\/vinasfm.com\/noticias\/wp-json\/wp\/v2\/comments?post=129690"}],"version-history":[{"count":2,"href":"https:\/\/vinasfm.com\/noticias\/wp-json\/wp\/v2\/posts\/129690\/revisions"}],"predecessor-version":[{"id":129736,"href":"https:\/\/vinasfm.com\/noticias\/wp-json\/wp\/v2\/posts\/129690\/revisions\/129736"}],"wp:featuredmedia":[{"embeddable":true,"href":"https:\/\/vinasfm.com\/noticias\/wp-json\/wp\/v2\/media\/128810"}],"wp:attachment":[{"href":"https:\/\/vinasfm.com\/noticias\/wp-json\/wp\/v2\/media?parent=129690"}],"wp:term":[{"taxonomy":"category","embeddable":true,"href":"https:\/\/vinasfm.com\/noticias\/wp-json\/wp\/v2\/categories?post=129690"},{"taxonomy":"post_tag","embeddable":true,"href":"https:\/\/vinasfm.com\/noticias\/wp-json\/wp\/v2\/tags?post=129690"}],"curies":[{"name":"wp","href":"https:\/\/api.w.org\/{rel}","templated":true}]}}