{"id":129688,"date":"2023-11-21T09:08:16","date_gmt":"2023-11-21T12:08:16","guid":{"rendered":"https:\/\/vinasfm.com\/noticias\/?p=129688"},"modified":"2023-11-22T08:56:21","modified_gmt":"2023-11-22T11:56:21","slug":"victor-alvarez-brindo-un-balance-luego-del-fuerte-viento-zonda-registrado-el-dia-viernes","status":"publish","type":"post","link":"https:\/\/vinasfm.com\/noticias\/victor-alvarez-brindo-un-balance-luego-del-fuerte-viento-zonda-registrado-el-dia-viernes\/","title":{"rendered":"V\u00cdCTOR \u00c1LVAREZ BRIND\u00d3 UN BALANCE LUEGO DEL FUERTE VIENTO ZONDA REGISTRADO EL D\u00cdA VIERNES"},"content":{"rendered":"<p><strong>El Consejero por la Zona Sur de Vialidad Provincial se\u00f1al\u00f3 que, si bien la r\u00e1fagas de viento afectaron\u00a0 a toda la zona Sur, el mayor trabajo se realiz\u00f3 en Villa Atuel y Real del Padre.<\/strong><\/p>\n<p>El viendo Zonda ocurrido durante la jornada del pasado viernes produjo la ca\u00edda de un importante n\u00famero de \u00e1rboles que impidieron el paso de veh\u00edculos en distintas v\u00edas. \u00c1lvarez sostuvo que <strong><em>\u201cel departamento del Oasis Sur que se vio m\u00e1s afectado fue San Rafael, principalmente en los distritos de Villa Atuel y Real del Padre\u201d.<\/em><\/strong><\/p>\n<p>Sobre la ca\u00edda de los \u00e1rboles, se\u00f1al\u00f3 que <strong><em>\u201cun factor importante es la condici\u00f3n de la arbolada, a veces los vemos sanos pero cuando se caen evidenciamos que est\u00e1n secos o enfermos. Por eso es que recomendamos tener extrema precauci\u00f3n y que no circulen por zonas arboladas ya que en cualquier momento se puede caer una planta\u201d.<\/em><\/strong><\/p>\n<p><img loading=\"lazy\" decoding=\"async\" class=\"\" src=\"https:\/\/media.sitioandino.com.ar\/p\/a7cc16c912c7a760a77ab294a766be21\/adjuntos\/335\/imagenes\/000\/213\/0000213935\/790x0\/smart\/danos-viento-zonda-general-alvear-zonda.jpg\" alt=\"\u00c1rboles ca\u00eddos y voladura de techos: lo que caus\u00f3 el viento en San Rafael y Alvear\" width=\"316\" height=\"237\" \/> <img loading=\"lazy\" decoding=\"async\" class=\"\" src=\"https:\/\/media.sitioandino.com.ar\/p\/615df4f673998b0a33bb699ecb142189\/adjuntos\/335\/imagenes\/000\/618\/0000618005\/790x0\/smart\/whatsapp-image-2023-02-08-at-113426jpeg.jpeg\" alt=\"Ca\u00edda de \u00e1rboles por las fuertes tomentas\" width=\"422\" height=\"237\" \/><\/p>\n<h6>Im\u00e1genes de archivo<\/h6>\n<p>En General Alvear, la DPV tambi\u00e9n realiz\u00f3 un importante trabajo para despejar v\u00edas<strong><em>. \u201cTuvimos un \u00e1rbol ca\u00eddo de gran tama\u00f1o que cay\u00f3 sobre calle 22, finalmente fue retirado junto al personal de la Delegaci\u00f3n de Bowen\u201d.<\/em><\/strong> Adem\u00e1s se recorrieron el resto de rutas para despejarlas ya que adem\u00e1s de \u00e1rboles, hab\u00edan n\u00fameros ramas de gran ma\u00f1o obstruyendo los caminos.<\/p>\n<p>Adem\u00e1s, \u00c1lvarez detall\u00f3 que <strong><em>\u201cmover los arboles requiere de un importante operativo en donde, muchas veces, se requiere del uso de maquinaria para cortarlos y facilitar su transporte. Otras veces, se opta por solo dejarlos fuera de la calzada para poder agilizar el trabajo\u201d.<\/em><\/strong><\/p>\n<p>Durante el 2023 la Direcci\u00f3n Provincial de Vialidad debi\u00f3 realizar numerosos trabajos ya que, adem\u00e1s de las fuertes rafas de viendo registradas durante las \u00faltimas semanas, muchas rutas se vieron afectada por las grandes nevadas ocurridas en la temporada invernal. <em><strong>\u201cLos caminos de Malarg\u00fce se vieron muy afectados por la nieve y hoy sufren las consecuencias del deshielo\u201d.<\/strong><\/em><\/p>\n<p>Por \u00faltimo, sostuvo que <em><strong>\u201cestos eventos clim\u00e1ticos nos llevan a tener que priorizar trabajos que quiz\u00e1 no estaban dentro de nuestro cronograma de tareas\u201d<\/strong><\/em> y agreg\u00f3 <strong><em>\u201cotro de nuestros desaf\u00edos es la baja disponibilidad de maquinaria, es una situaci\u00f3n muy cr\u00edtica para la Direcci\u00f3n Provincial de Vialidad\u201d<\/em><\/strong>.<\/p>\n","protected":false},"excerpt":{"rendered":"<p>El Consejero por la Zona Sur de Vialidad Provincial se\u00f1al\u00f3 que, si bien la r\u00e1fagas de viento afectaron\u00a0 a toda la &#8230;<\/p>\n","protected":false},"author":7,"featured_media":106174,"comment_status":"open","ping_status":"open","sticky":false,"template":"","format":"standard","meta":{"footnotes":""},"categories":[5,79],"tags":[],"class_list":["post-129688","post","type-post","status-publish","format-standard","has-post-thumbnail","hentry","category-actualidad","category-vialidad"],"_links":{"self":[{"href":"https:\/\/vinasfm.com\/noticias\/wp-json\/wp\/v2\/posts\/129688","targetHints":{"allow":["GET"]}}],"collection":[{"href":"https:\/\/vinasfm.com\/noticias\/wp-json\/wp\/v2\/posts"}],"about":[{"href":"https:\/\/vinasfm.com\/noticias\/wp-json\/wp\/v2\/types\/post"}],"author":[{"embeddable":true,"href":"https:\/\/vinasfm.com\/noticias\/wp-json\/wp\/v2\/users\/7"}],"replies":[{"embeddable":true,"href":"https:\/\/vinasfm.com\/noticias\/wp-json\/wp\/v2\/comments?post=129688"}],"version-history":[{"count":1,"href":"https:\/\/vinasfm.com\/noticias\/wp-json\/wp\/v2\/posts\/129688\/revisions"}],"predecessor-version":[{"id":129689,"href":"https:\/\/vinasfm.com\/noticias\/wp-json\/wp\/v2\/posts\/129688\/revisions\/129689"}],"wp:featuredmedia":[{"embeddable":true,"href":"https:\/\/vinasfm.com\/noticias\/wp-json\/wp\/v2\/media\/106174"}],"wp:attachment":[{"href":"https:\/\/vinasfm.com\/noticias\/wp-json\/wp\/v2\/media?parent=129688"}],"wp:term":[{"taxonomy":"category","embeddable":true,"href":"https:\/\/vinasfm.com\/noticias\/wp-json\/wp\/v2\/categories?post=129688"},{"taxonomy":"post_tag","embeddable":true,"href":"https:\/\/vinasfm.com\/noticias\/wp-json\/wp\/v2\/tags?post=129688"}],"curies":[{"name":"wp","href":"https:\/\/api.w.org\/{rel}","templated":true}]}}