{"id":129682,"date":"2023-11-21T08:35:37","date_gmt":"2023-11-21T11:35:37","guid":{"rendered":"https:\/\/vinasfm.com\/noticias\/?p=129682"},"modified":"2023-11-22T08:31:55","modified_gmt":"2023-11-22T11:31:55","slug":"dia-movido-otro-temblor-en-san-juan-repercutio-en-mendoza","status":"publish","type":"post","link":"https:\/\/vinasfm.com\/noticias\/dia-movido-otro-temblor-en-san-juan-repercutio-en-mendoza\/","title":{"rendered":"D\u00cdA MOVIDO: OTRO TEMBLOR EN SAN JUAN REPERCUTI\u00d3 EN MENDOZA"},"content":{"rendered":"<p><strong>El movimiento tuvo epicentro en la cordillera y lleg\u00f3 a los 4,7 grados de magnitud.<\/strong><\/p>\n<p>En las \u00faltimas horas se han registrado varios movimientos s\u00edsmicos. El \u00faltimo se registr\u00f3 a las 15.16, del d\u00eda lunes, en la vecina San Juan, con una magnitud de 4.7 grados en la escala Richter.<\/p>\n<p>El epicentro se ubic\u00f3 en la cordillera, a 64 kil\u00f3metros al norte de Las Cuevas y a 139 kil\u00f3metros al noroeste de la capital mendocina.<\/p>\n<p>Su profundidad fue de 135 kil\u00f3metros.<\/p>\n<p>En las \u00faltimas 24 horas, San Juan ha registrado unos ocho movimientos de diferente grado, de los cuales los m\u00e1s fuertes han sido este \u00faltimo y uno registrado a las 22.47, ya que alcanz\u00f3 los 4 grados de magnitud.<\/p>\n<p>Por su parte, los mendocinos tambi\u00e9n nos despertamos a la 1.42 de este lunes con un fuerte cimbronazo de 4 grados.<\/p>\n<p>&nbsp;<\/p>\n","protected":false},"excerpt":{"rendered":"<p>El movimiento tuvo epicentro en la cordillera y lleg\u00f3 a los 4,7 grados de magnitud. En las \u00faltimas horas se han &#8230;<\/p>\n","protected":false},"author":7,"featured_media":129683,"comment_status":"open","ping_status":"open","sticky":false,"template":"","format":"standard","meta":{"footnotes":""},"categories":[5,10],"tags":[],"class_list":["post-129682","post","type-post","status-publish","format-standard","has-post-thumbnail","hentry","category-actualidad","category-destacadas"],"_links":{"self":[{"href":"https:\/\/vinasfm.com\/noticias\/wp-json\/wp\/v2\/posts\/129682","targetHints":{"allow":["GET"]}}],"collection":[{"href":"https:\/\/vinasfm.com\/noticias\/wp-json\/wp\/v2\/posts"}],"about":[{"href":"https:\/\/vinasfm.com\/noticias\/wp-json\/wp\/v2\/types\/post"}],"author":[{"embeddable":true,"href":"https:\/\/vinasfm.com\/noticias\/wp-json\/wp\/v2\/users\/7"}],"replies":[{"embeddable":true,"href":"https:\/\/vinasfm.com\/noticias\/wp-json\/wp\/v2\/comments?post=129682"}],"version-history":[{"count":2,"href":"https:\/\/vinasfm.com\/noticias\/wp-json\/wp\/v2\/posts\/129682\/revisions"}],"predecessor-version":[{"id":129706,"href":"https:\/\/vinasfm.com\/noticias\/wp-json\/wp\/v2\/posts\/129682\/revisions\/129706"}],"wp:featuredmedia":[{"embeddable":true,"href":"https:\/\/vinasfm.com\/noticias\/wp-json\/wp\/v2\/media\/129683"}],"wp:attachment":[{"href":"https:\/\/vinasfm.com\/noticias\/wp-json\/wp\/v2\/media?parent=129682"}],"wp:term":[{"taxonomy":"category","embeddable":true,"href":"https:\/\/vinasfm.com\/noticias\/wp-json\/wp\/v2\/categories?post=129682"},{"taxonomy":"post_tag","embeddable":true,"href":"https:\/\/vinasfm.com\/noticias\/wp-json\/wp\/v2\/tags?post=129682"}],"curies":[{"name":"wp","href":"https:\/\/api.w.org\/{rel}","templated":true}]}}