{"id":129664,"date":"2023-11-20T10:48:58","date_gmt":"2023-11-20T13:48:58","guid":{"rendered":"https:\/\/vinasfm.com\/noticias\/?p=129664"},"modified":"2023-11-21T10:05:59","modified_gmt":"2023-11-21T13:05:59","slug":"alertan-por-el-aumento-de-cuatrerismo-y-faena-clandestina-en-epocas-de-fin-de-cosecha-en-mendoza","status":"publish","type":"post","link":"https:\/\/vinasfm.com\/noticias\/alertan-por-el-aumento-de-cuatrerismo-y-faena-clandestina-en-epocas-de-fin-de-cosecha-en-mendoza\/","title":{"rendered":"ALERTAN POR EL AUMENTO DE CUATRERISMO Y FAENA CLANDESTINA EN \u00c9POCAS DE FIN DE COSECHA EN MENDOZA"},"content":{"rendered":"<h4><strong>El\u00a0C\u00f3digo Penal\u00a0de la Argentina tipifica algunos\u00a0delitos\u00a0como agrarios a aquellos que se cometen en el campo respecto de bienes o situaciones que all\u00ed se producen en relaci\u00f3n con la explotaci\u00f3n agropecuaria. En esa definici\u00f3n, el\u00a0abigeato\u00a0(hurto de ganado) es una figura tradicional conocida como \u201ccuatrerismo\u201d que no ha perdido vigencia, ya que se registra un aumento de casos en el \u00faltimo tiempo y Mendoza no es\u00a0la excepci\u00f3n.<\/strong><\/h4>\n<p>En la provincia, quienes son detenidos e incluso imputados por cometer estos hechos, pueden recibir\u00a0de 2 a 6 a\u00f1os de prisi\u00f3n, sin tener en cuenta algunos agravantes que har\u00edan aumentar la pena, como hacerlo\u00a0en banda o utilizar veh\u00edculos para el\u00a0transporte de animales.<\/p>\n<p>En ese marco, Adri\u00e1n Amaya, comisario de la\u00a0<strong>Polic\u00eda Rural<\/strong>\u00a0de Mendoza, afirm\u00f3 a\u00a0<em>MDZ\u00a0<\/em>que los casos de\u00a0<strong>cuatrerismo<\/strong>\u00a0son una constante e involucra a bandas o familias cuya intenci\u00f3n no es el consumo propio, sino la comercializaci\u00f3n clandestina e ilegal en el orden local, nacional e internacional.<\/p>\n<p>\u201cEs una modalidad delictiva que tiene como fin el hurto, la faena y venta vacuna, caprina, bovina y principalmente equina. Esto se \u00b4permite` no solo por las caracter\u00edsticas del lugar ya que el pastoreo de estos animales involucra grandes extensiones, sino tambi\u00e9n por cuestiones vinculadas\u00a0al sistema privado,\u00a0del propietario como al que aporta el Estado por intermedio de la Polic\u00eda; no solamente rural sino de otras estructuras dentro de la misma Polic\u00eda, que tambi\u00e9n abordan el problema y que termina siendo un poco acotado por las dimensiones del caso\u201d, explic\u00f3 Amaya.<\/p>\n<p>Por otra parte, afirm\u00f3 el comisario que existen \u00e9pocas como las crisis econ\u00f3micas\u00a0o el fin de la cosecha, donde esta actividad delictiva se incrementa.<\/p>\n<p>\u201cLa producci\u00f3n de frutos de carozo, pepita, oliv\u00edcola y vitivin\u00edcola, son tambi\u00e9n blanco de estas\u00a0<strong>bandas<\/strong>, pero una vez que estas finalizan, se vuelcan a la faena clandestina. A eso se le suman las \u00e9pocas de crisis que hacen que familias se vuelquen a esta modalidad\u00a0para poder comer\u201d, detall\u00f3.<\/p>\n<p>Sin embargo, dijo el jefe policial que\u00a0aqu\u00ed se confunde entre los que faenan para el comercio ilegal de carne con destino nacional e internacional y las personas\u00a0que, por necesidad, matan a un chivo, una cabra y dem\u00e1s animales.<\/p>\n<p>\u201cHay\u00a0gente que\u00a0no te roba\u00a0un o dos equinos para consumirlo, o a lo sumo un chivato, y aqu\u00ed es donde comienza el enga\u00f1o de estas bandas que dicen ser familias que\u00a0quieren\u00a0alimentar a sus hijos. Con el tiempo aprend\u00e9s que son bandas organizadas que comercializan carne equina y vacuna para las carnicer\u00edas de barrio, el comercio nacional e incluso el internacional\u201d.<\/p>\n<p>\u201cCon esto no quiero decir que ellos son los principales compradores de carne de caballo, pero hay un par que lo hace -continu\u00f3 el comisario-. Por ejemplo, en agosto pasado, por la zona de Los Corralitos (Guaymall\u00e9n), tuvimos un allanamiento donde se secuestraron grandes cantidades de carne equina. Todo surgi\u00f3 por la intoxicaci\u00f3n<strong>\u00a0<\/strong>de unos j\u00f3venes que hab\u00edan comido embutidos. Intervino el Ministerio de Salud\u00a0 junto con personal de Bromatolog\u00eda de la provincia y se comprob\u00f3 que hab\u00edan sido realizados con esta carne. Tras varias investigaciones se logr\u00f3 dar con el lugar y sacar todo eso\u00a0del circuito comercial\u201d, resalt\u00f3.<\/p>\n<p>Seg\u00fan Amaya, los sectores\u00a0de la provincia donde principalmente se realizan este tipo de delitos rurales son Gran Mendoza y el Este provincial.<\/p>\n<p>\u201cSi bien Polic\u00eda Rural est\u00e1 dividida en cuatro delegaciones o regiones: Centro, Este, Valle de Uco y Sur; las dos primeras son las zonas donde son m\u00e1s habituales la compra y venta de este tipo de carne. En menor medida se encuentra el Sur y Valle de Uco. En todos los casos, el principal inconveniente para los propietarios de estos animales es el menudeo, el robo peque\u00f1o\u201d, se\u00f1al\u00f3.<\/p>\n<h2 class=\"wp-block-heading\">La clave est\u00e1 en la denuncia<\/h2>\n<p>Para el comisario, existen muchos m\u00e1s casos de\u00a0<strong>cuatrerismo<\/strong>\u00a0en la provincia, por eso remarc\u00f3 la importancia de realizar la denuncia correspondiente ante la fiscal\u00eda.<\/p>\n<p>\u00abLas primeras horas son fundamentales para nosotros porque en los rastrillajes que hacemos tenemos m\u00e1s posibilidad de encontrar a los animales a\u00fan con vida y dar con los\u00a0<strong>cuatreros<\/strong>. Como sabemos el territorio de Mendoza es mayormente rural y hay lugares\u00a0que est\u00e1n muy alejados de los centros urbanos, por eso entendemos que ante el robo de un animal a veces no hacen denuncias. Pero ahora se pueden hacer de manera online, en la p\u00e1gina del Ministerio P\u00fablico Fiscal\u00bb, detall\u00f3.<\/p>\n<p>Asimismo destac\u00f3 que, ante un caso de\u00a0<strong>cuatrerismo<\/strong>, primero se debe llamar al 911 y luego realizar la denuncia en la fiscal\u00eda. \u00abSi nosotros encontramos animales pero no est\u00e1 hecha la denuncia, a veces los procesos judiciales se demoran m\u00e1s. Tienen que hacerla\u00a0para que el culpable pueda ser imputado\u00bb, sell\u00f3 Amaya.<\/p>\n<p>Fuente \u2013 MDZ<\/p>\n","protected":false},"excerpt":{"rendered":"<p>El\u00a0C\u00f3digo Penal\u00a0de la Argentina tipifica algunos\u00a0delitos\u00a0como agrarios a aquellos que se cometen en el campo respecto de bienes o situaciones que &#8230;<\/p>\n","protected":false},"author":7,"featured_media":129665,"comment_status":"open","ping_status":"open","sticky":false,"template":"","format":"standard","meta":{"footnotes":""},"categories":[5,4],"tags":[],"class_list":["post-129664","post","type-post","status-publish","format-standard","has-post-thumbnail","hentry","category-actualidad","category-policiales"],"_links":{"self":[{"href":"https:\/\/vinasfm.com\/noticias\/wp-json\/wp\/v2\/posts\/129664","targetHints":{"allow":["GET"]}}],"collection":[{"href":"https:\/\/vinasfm.com\/noticias\/wp-json\/wp\/v2\/posts"}],"about":[{"href":"https:\/\/vinasfm.com\/noticias\/wp-json\/wp\/v2\/types\/post"}],"author":[{"embeddable":true,"href":"https:\/\/vinasfm.com\/noticias\/wp-json\/wp\/v2\/users\/7"}],"replies":[{"embeddable":true,"href":"https:\/\/vinasfm.com\/noticias\/wp-json\/wp\/v2\/comments?post=129664"}],"version-history":[{"count":1,"href":"https:\/\/vinasfm.com\/noticias\/wp-json\/wp\/v2\/posts\/129664\/revisions"}],"predecessor-version":[{"id":129667,"href":"https:\/\/vinasfm.com\/noticias\/wp-json\/wp\/v2\/posts\/129664\/revisions\/129667"}],"wp:featuredmedia":[{"embeddable":true,"href":"https:\/\/vinasfm.com\/noticias\/wp-json\/wp\/v2\/media\/129665"}],"wp:attachment":[{"href":"https:\/\/vinasfm.com\/noticias\/wp-json\/wp\/v2\/media?parent=129664"}],"wp:term":[{"taxonomy":"category","embeddable":true,"href":"https:\/\/vinasfm.com\/noticias\/wp-json\/wp\/v2\/categories?post=129664"},{"taxonomy":"post_tag","embeddable":true,"href":"https:\/\/vinasfm.com\/noticias\/wp-json\/wp\/v2\/tags?post=129664"}],"curies":[{"name":"wp","href":"https:\/\/api.w.org\/{rel}","templated":true}]}}