{"id":129650,"date":"2023-11-20T08:46:14","date_gmt":"2023-11-20T11:46:14","guid":{"rendered":"https:\/\/vinasfm.com\/noticias\/?p=129650"},"modified":"2023-11-21T09:38:40","modified_gmt":"2023-11-21T12:38:40","slug":"mendoza-ha-tenido-12-eventos-de-viento-zonda-en-2023-el-numero-mas-alto-en-los-ultimos-20-anos","status":"publish","type":"post","link":"https:\/\/vinasfm.com\/noticias\/mendoza-ha-tenido-12-eventos-de-viento-zonda-en-2023-el-numero-mas-alto-en-los-ultimos-20-anos\/","title":{"rendered":"MENDOZA HA TENIDO 12 EVENTOS DE VIENTO ZONDA EN 2023, EL N\u00daMERO M\u00c1S ALTO EN LOS \u00daLTIMOS 20 A\u00d1OS"},"content":{"rendered":"<h4>Una vez m\u00e1s el viento zonda azot\u00f3 a la provincia, causando diversos da\u00f1os en distintos sectores. San Rafael vivi\u00f3 el viernes alerta naranja en la ma\u00f1ana, rojo en la tarde y amarillo en la noche. Se trata de un problema clim\u00e1tico que ha crecido este a\u00f1o, lo cual se asocia al fen\u00f3meno del Ni\u00f1o. Sobre ello dialog\u00f3 el ingeniero Ra\u00fal Besa.<\/h4>\n<p>En la que fue la \u00faltima temporada de zonda el viernes, hubo un sistema frontal en superficie que se movi\u00f3 hacia el noreste, ubicado al sur de la ciudad de San Rafael, entre Los Parlamentos y Punta del Agua. El viento ya hab\u00eda llegado a Malarg\u00fce el jueves en la siesta, como as\u00ed tambi\u00e9n en zona de cordillera, donde alcanz\u00f3 r\u00e1fagas de 120 kil\u00f3metros por hora, a lo que se le sum\u00f3 nieve.<\/p>\n<p>En cuanto a las causas del zonda, el ingeniero Besa se\u00f1al\u00f3 que \u201ces un viento proveniente del oc\u00e9ano Pac\u00edfico, un viento fr\u00edo y h\u00famedo que llegan a la cordillera y en la medida que va descendiendo por las laderas del lado argentino, incrementa su temperatura de acuerdo a la cantidad de metros en altitud que baje el aire\u201d. \u201cEn la medida en que es mayor la diferencia entre las temperaturas que trae en el oc\u00e9ano Pac\u00edfico el viento del sector oeste, y una vez que deja la humedad y nevadas en cordillera, a medida que desciende del lado argentino incrementa su temperatura y se trata de un viento c\u00e1lido y bastante seco, ocasionando un descenso importante en la humedad atmosf\u00e9rica\u201d, explic\u00f3.<\/p>\n<p>En 2023 ha habido mayor cantidad de jornadas con viento zonda. El profesional dijo que no existe una causal, sino que \u201cel clima se manifiesta de acuerdo a las condiciones atmosf\u00e9ricas en general, no s\u00f3lo en superficie sino tambi\u00e9n en altura, pero en realidad no est\u00e1 asociado al fen\u00f3meno de El Ni\u00f1o aunque tiene cierta relaci\u00f3n con el lugar por donde ingresan estos sistemas frontales en cordillera\u201d. \u201cDe acuerdo a lo que hemos visto, cuando hay fen\u00f3meno de El Ni\u00f1o, hay mayor cantidad de precipitaciones en cordillera de nieve, y est\u00e1 asociado tambi\u00e9n esta precipitaci\u00f3n de nieve a eventos de viento zonda. En los tres o cuatro \u00faltimos a\u00f1os, hemos estado bajo los efectos de La Ni\u00f1a y hemos tenido pocos eventos de zonda, es decir que hay una cierta relaci\u00f3n, pero no hay una correlaci\u00f3n directa\u201d, aclar\u00f3.<\/p>\n<p>Cabe decir que en lo que va de 2023, Mendoza ha tenido 12 eventos de zonda, un n\u00famero muy alto si se tiene en cuenta que en los \u00faltimos 20 a\u00f1os, el a\u00f1o que m\u00e1s hubo fueron 11.<\/p>\n","protected":false},"excerpt":{"rendered":"<p>Una vez m\u00e1s el viento zonda azot\u00f3 a la provincia, causando diversos da\u00f1os en distintos sectores. San Rafael vivi\u00f3 el viernes &#8230;<\/p>\n","protected":false},"author":7,"featured_media":129651,"comment_status":"open","ping_status":"open","sticky":false,"template":"","format":"standard","meta":{"footnotes":""},"categories":[5,10],"tags":[],"class_list":["post-129650","post","type-post","status-publish","format-standard","has-post-thumbnail","hentry","category-actualidad","category-destacadas"],"_links":{"self":[{"href":"https:\/\/vinasfm.com\/noticias\/wp-json\/wp\/v2\/posts\/129650","targetHints":{"allow":["GET"]}}],"collection":[{"href":"https:\/\/vinasfm.com\/noticias\/wp-json\/wp\/v2\/posts"}],"about":[{"href":"https:\/\/vinasfm.com\/noticias\/wp-json\/wp\/v2\/types\/post"}],"author":[{"embeddable":true,"href":"https:\/\/vinasfm.com\/noticias\/wp-json\/wp\/v2\/users\/7"}],"replies":[{"embeddable":true,"href":"https:\/\/vinasfm.com\/noticias\/wp-json\/wp\/v2\/comments?post=129650"}],"version-history":[{"count":1,"href":"https:\/\/vinasfm.com\/noticias\/wp-json\/wp\/v2\/posts\/129650\/revisions"}],"predecessor-version":[{"id":129652,"href":"https:\/\/vinasfm.com\/noticias\/wp-json\/wp\/v2\/posts\/129650\/revisions\/129652"}],"wp:featuredmedia":[{"embeddable":true,"href":"https:\/\/vinasfm.com\/noticias\/wp-json\/wp\/v2\/media\/129651"}],"wp:attachment":[{"href":"https:\/\/vinasfm.com\/noticias\/wp-json\/wp\/v2\/media?parent=129650"}],"wp:term":[{"taxonomy":"category","embeddable":true,"href":"https:\/\/vinasfm.com\/noticias\/wp-json\/wp\/v2\/categories?post=129650"},{"taxonomy":"post_tag","embeddable":true,"href":"https:\/\/vinasfm.com\/noticias\/wp-json\/wp\/v2\/tags?post=129650"}],"curies":[{"name":"wp","href":"https:\/\/api.w.org\/{rel}","templated":true}]}}