{"id":129635,"date":"2023-11-19T21:00:13","date_gmt":"2023-11-20T00:00:13","guid":{"rendered":"https:\/\/vinasfm.com\/noticias\/?p=129635"},"modified":"2023-11-21T08:31:33","modified_gmt":"2023-11-21T11:31:33","slug":"contundente-triunfo-de-javier-milei-sera-el-proximo-presidente-de-argentina","status":"publish","type":"post","link":"https:\/\/vinasfm.com\/noticias\/contundente-triunfo-de-javier-milei-sera-el-proximo-presidente-de-argentina\/","title":{"rendered":"CONTUNDENTE TRIUNFO DE JAVIER MILEI: SER\u00c1 EL PR\u00d3XIMO PRESIDENTE DE ARGENTINA"},"content":{"rendered":"<p><strong>El candidato de la Libertad Avanza supera a Sergio Massa en el balotaje por casi 12 puntos. Asumir\u00e1 el pr\u00f3ximo 10 de diciembre.\u00a0<\/strong><\/p>\n<p><b>Javier Milei ser\u00e1 el pr\u00f3ximo presidente de la Argentina<\/b>. Este domingo\u00a0<b>super\u00f3 ampliamente a Sergio Massa en el balotaje<\/b>. Con una muy buena performance electoral en el interior del pa\u00eds -especialmente en las provincias de\u00a0<b>Mendoza\u00a0<\/b>y\u00a0<b>C\u00f3rdoba<\/b>-,\u00a0<b>el economista gan\u00f3 la votaci\u00f3n mucho m\u00e1s holgadamente de lo que hab\u00edan presagiado las encuestas los d\u00edas previos.<\/b><\/p>\n<p>En Mendoza, el Diputado Nacional obtuvo una enorme ventaja logrando alcanzar el 71,39% de los votos, a diferencia del actual Ministro de Econom\u00eda que solo obtuvo el 28,60%. Caso similar sucedi\u00f3 en C\u00f3rdoba, en donde el libertario obtuvo el 74,14% de los votos.<\/p>\n<p><span style=\"color: #000000;\">En General Alvear, los resultados fueron similares. Javier Milei obtuvo el 63,47% de los votos, casi del doble de los obtenidos por Sergio Massa quien alcanz\u00f3 el 36,52%.<\/span><\/p>\n<p><a href=\"https:\/\/vinasfm.com\/noticias\/wp-content\/uploads\/2023\/11\/JAVIER-MILEI.png\"><img loading=\"lazy\" decoding=\"async\" class=\"alignnone wp-image-129639\" src=\"https:\/\/vinasfm.com\/noticias\/wp-content\/uploads\/2023\/11\/JAVIER-MILEI-1024x256.png\" alt=\"\" width=\"500\" height=\"125\" srcset=\"https:\/\/vinasfm.com\/noticias\/wp-content\/uploads\/2023\/11\/JAVIER-MILEI-1024x256.png 1024w, https:\/\/vinasfm.com\/noticias\/wp-content\/uploads\/2023\/11\/JAVIER-MILEI-300x75.png 300w, https:\/\/vinasfm.com\/noticias\/wp-content\/uploads\/2023\/11\/JAVIER-MILEI-768x192.png 768w, https:\/\/vinasfm.com\/noticias\/wp-content\/uploads\/2023\/11\/JAVIER-MILEI-1536x384.png 1536w, https:\/\/vinasfm.com\/noticias\/wp-content\/uploads\/2023\/11\/JAVIER-MILEI.png 2000w\" sizes=\"auto, (max-width: 500px) 100vw, 500px\" \/><\/a><\/p>\n<h2>Sergio Massa reconoci\u00f3 la derrota y felicit\u00f3 a Javier Milei<\/h2>\n<p>El ministro de Econom\u00eda habl\u00f3 desde el escenario en la sede de Uni\u00f3n por la Patria.<strong><em>\u00abFelicit\u00e9 a Javier Milei porque es el presidente que la mayor\u00eda de los argentinos eligi\u00f3\u00bb.<\/em><\/strong> Adem\u00e1s destac\u00f3 hoy que salud\u00f3 al mandatario electo, Milei, porque<strong><em> \u00ablo m\u00e1s importante que le tenemos que dejar a los argentinos es el mensaje de la convivencia, el di\u00e1logo y el respeto por la paz\u00bb.<\/em><\/strong><\/p>\n<p><span style=\"color: #000000;\"><em><strong>\u201cLe hemos planteado la responsabilidad de ma\u00f1ana mismo de poner en marcha mecanismos de enlace\u201d<\/strong><\/em>, inform\u00f3 el titular del palacio de Hacienda, aludiendo al actual jefe de Estado, Alberto Fern\u00e1ndez, y qui\u00e9n a ser\u00e1 su sucesor. <strong><em>\u201cTrat\u00e9 de dejar lo mejor de m\u00ed en esta campa\u00f1a\u201d<\/em><\/strong>, dijo Massa ante la militancia peronista.<\/span><\/p>\n","protected":false},"excerpt":{"rendered":"<p>El candidato de la Libertad Avanza supera a Sergio Massa en el balotaje por casi 12 puntos. Asumir\u00e1 el pr\u00f3ximo 10 &#8230;<\/p>\n","protected":false},"author":7,"featured_media":129637,"comment_status":"open","ping_status":"open","sticky":false,"template":"","format":"standard","meta":{"footnotes":""},"categories":[5,10],"tags":[],"class_list":["post-129635","post","type-post","status-publish","format-standard","has-post-thumbnail","hentry","category-actualidad","category-destacadas"],"_links":{"self":[{"href":"https:\/\/vinasfm.com\/noticias\/wp-json\/wp\/v2\/posts\/129635","targetHints":{"allow":["GET"]}}],"collection":[{"href":"https:\/\/vinasfm.com\/noticias\/wp-json\/wp\/v2\/posts"}],"about":[{"href":"https:\/\/vinasfm.com\/noticias\/wp-json\/wp\/v2\/types\/post"}],"author":[{"embeddable":true,"href":"https:\/\/vinasfm.com\/noticias\/wp-json\/wp\/v2\/users\/7"}],"replies":[{"embeddable":true,"href":"https:\/\/vinasfm.com\/noticias\/wp-json\/wp\/v2\/comments?post=129635"}],"version-history":[{"count":4,"href":"https:\/\/vinasfm.com\/noticias\/wp-json\/wp\/v2\/posts\/129635\/revisions"}],"predecessor-version":[{"id":129638,"href":"https:\/\/vinasfm.com\/noticias\/wp-json\/wp\/v2\/posts\/129635\/revisions\/129638"}],"wp:featuredmedia":[{"embeddable":true,"href":"https:\/\/vinasfm.com\/noticias\/wp-json\/wp\/v2\/media\/129637"}],"wp:attachment":[{"href":"https:\/\/vinasfm.com\/noticias\/wp-json\/wp\/v2\/media?parent=129635"}],"wp:term":[{"taxonomy":"category","embeddable":true,"href":"https:\/\/vinasfm.com\/noticias\/wp-json\/wp\/v2\/categories?post=129635"},{"taxonomy":"post_tag","embeddable":true,"href":"https:\/\/vinasfm.com\/noticias\/wp-json\/wp\/v2\/tags?post=129635"}],"curies":[{"name":"wp","href":"https:\/\/api.w.org\/{rel}","templated":true}]}}