{"id":129619,"date":"2023-11-18T10:17:10","date_gmt":"2023-11-18T13:17:10","guid":{"rendered":"https:\/\/vinasfm.com\/noticias\/?p=129619"},"modified":"2023-11-20T08:46:03","modified_gmt":"2023-11-20T11:46:03","slug":"zonda-en-mendoza-el-relevamiento-de-danos-y-el-pronostico-para-las-proximas-horas","status":"publish","type":"post","link":"https:\/\/vinasfm.com\/noticias\/zonda-en-mendoza-el-relevamiento-de-danos-y-el-pronostico-para-las-proximas-horas\/","title":{"rendered":"ZONDA EN MENDOZA: EL RELEVAMIENTO DE DA\u00d1OS Y EL PRON\u00d3STICO PARA LAS PR\u00d3XIMAS HORAS"},"content":{"rendered":"<p><span style=\"color: #000000;\"><strong>El viento sopl\u00f3 con mayor intensidad en Valle de Uco, donde hubo una importante ca\u00edda de \u00e1rboles.<\/strong><\/span><\/p>\n<p><span style=\"color: #000000;\">Si bien se hab\u00eda pronosticado que el\u00a0<strong>viento Zonda\u00a0<\/strong>soplar\u00eda con intensidad en casi todo el territorio de Mendoza, la zona m\u00e1s afectada fue el\u00a0<strong>Valle de Uco<\/strong>, donde se debi\u00f3 cortar la Ruta 40, hubo 100 veh\u00edculos varados y m\u00e1s de 118 \u00e1rboles ca\u00eddos.<\/span><\/p>\n<p><span style=\"color: #000000;\">De acuerdo con el parte de novedades de Defensa Civil, en\u00a0<strong>Ciudad\u00a0<\/strong>se cayeron 4 \u00e1rboles. mientras que en\u00a0<strong>Las Heras<\/strong>\u00a0el viento derrib\u00f3 unos siete forestales y tir\u00f3 cinco postes. En\u00a0<strong>Godoy Cruz<\/strong>\u00a0provoc\u00f3 la ca\u00edda de cuatro \u00e1rboles, un poste y cort\u00f3 un cable. En\u00a0<strong>Guaymall\u00e9n<\/strong>\u00a0tambi\u00e9n volte\u00f3 cuatro \u00e1rboles, un poste y cort\u00f3 un cable.<\/span><\/p>\n<p><span style=\"color: #000000;\">Asimismo, el\u00a0<strong>Luj\u00e1n<\/strong>\u00a0se report\u00f3 dos \u00e1rboles ca\u00eddos y un poste. En\u00a0<em>Maip\u00fa<\/em>, un poste. En\u00a0<strong>Lavalle<\/strong>, un \u00e1rbol y un poste. En\u00a0<strong>Malarg\u00fce<\/strong>, 15 forestales. Mientras que en\u00a0<strong>Tupungato<\/strong>, el Zonda derrib\u00f3 60 \u00e1rboles y vol\u00f3 tres techos. En\u00a0<strong>Tunuy\u00e1n<\/strong>, provoc\u00f3 la ca\u00edda de 58 \u00e1rboles, siete de ellos sobre viviendas y dos sobres veh\u00edculos. En Jun\u00edn cay\u00f3 un \u00e1rbol, en\u00a0<strong>Rivadavia<\/strong>\u00a0hubo un incendio y en\u00a0<strong>San Rafel<\/strong>, tambi\u00e9n.<\/span><\/p>\n<aside class=\"scaip scaip-1 \"><\/aside>\n<h2 id=\"h-como-continuara-el-tiempo-en-mendoza\" class=\"wp-block-heading\"><span style=\"color: #000000;\">C\u00f3mo continuar\u00e1 el tiempo en Mendoza<\/span><\/h2>\n<p><span style=\"color: #000000;\">Seg\u00fan la\u00a0<strong>Oficina de Vigilancia Meteorol\u00f3gica,<\/strong>\u00a0continua la circulaci\u00f3n de viento del Oeste<strong>\u00a0<\/strong>para esta noche, pero ya no rige ning\u00fan alerta por\u00a0<strong>viento Zonda<\/strong>. Se espera la rotaci\u00f3n de\u00a0<strong>viento Sureste<\/strong>\u00a0en los primeros minutos del s\u00e1bado.<\/span><\/p>\n<p><span style=\"color: #000000;\">Este 18 de noviembre se presentar\u00e1 con cielo parcialmente nublado y descenso de la temperatura. La m\u00e1xima ser\u00e1 de 28 grados y la m\u00ednima de 13, de acuerdo a informaci\u00f3n proporcionada por Mariano Garc\u00eda de dicha oficina.<\/span><\/p>\n","protected":false},"excerpt":{"rendered":"<p>El viento sopl\u00f3 con mayor intensidad en Valle de Uco, donde hubo una importante ca\u00edda de \u00e1rboles. Si bien se hab\u00eda &#8230;<\/p>\n","protected":false},"author":7,"featured_media":129620,"comment_status":"open","ping_status":"open","sticky":false,"template":"","format":"standard","meta":{"footnotes":""},"categories":[5,17],"tags":[],"class_list":["post-129619","post","type-post","status-publish","format-standard","has-post-thumbnail","hentry","category-actualidad","category-clima"],"_links":{"self":[{"href":"https:\/\/vinasfm.com\/noticias\/wp-json\/wp\/v2\/posts\/129619","targetHints":{"allow":["GET"]}}],"collection":[{"href":"https:\/\/vinasfm.com\/noticias\/wp-json\/wp\/v2\/posts"}],"about":[{"href":"https:\/\/vinasfm.com\/noticias\/wp-json\/wp\/v2\/types\/post"}],"author":[{"embeddable":true,"href":"https:\/\/vinasfm.com\/noticias\/wp-json\/wp\/v2\/users\/7"}],"replies":[{"embeddable":true,"href":"https:\/\/vinasfm.com\/noticias\/wp-json\/wp\/v2\/comments?post=129619"}],"version-history":[{"count":1,"href":"https:\/\/vinasfm.com\/noticias\/wp-json\/wp\/v2\/posts\/129619\/revisions"}],"predecessor-version":[{"id":129621,"href":"https:\/\/vinasfm.com\/noticias\/wp-json\/wp\/v2\/posts\/129619\/revisions\/129621"}],"wp:featuredmedia":[{"embeddable":true,"href":"https:\/\/vinasfm.com\/noticias\/wp-json\/wp\/v2\/media\/129620"}],"wp:attachment":[{"href":"https:\/\/vinasfm.com\/noticias\/wp-json\/wp\/v2\/media?parent=129619"}],"wp:term":[{"taxonomy":"category","embeddable":true,"href":"https:\/\/vinasfm.com\/noticias\/wp-json\/wp\/v2\/categories?post=129619"},{"taxonomy":"post_tag","embeddable":true,"href":"https:\/\/vinasfm.com\/noticias\/wp-json\/wp\/v2\/tags?post=129619"}],"curies":[{"name":"wp","href":"https:\/\/api.w.org\/{rel}","templated":true}]}}