{"id":129580,"date":"2023-11-17T10:41:00","date_gmt":"2023-11-17T13:41:00","guid":{"rendered":"https:\/\/vinasfm.com\/noticias\/?p=129580"},"modified":"2023-11-17T10:41:00","modified_gmt":"2023-11-17T13:41:00","slug":"viento-zonda-se-suspenden-las-actividades-nauticas-en-toda-la-provincia","status":"publish","type":"post","link":"https:\/\/vinasfm.com\/noticias\/viento-zonda-se-suspenden-las-actividades-nauticas-en-toda-la-provincia\/","title":{"rendered":"VIENTO ZONDA: SE SUSPENDEN LAS ACTIVIDADES N\u00c1UTICAS EN TODA LA PROVINCIA"},"content":{"rendered":"<p><span style=\"color: #000000;\"><strong>As\u00ed lo inform\u00f3 la Secretar\u00eda de Ambiente y Ordenamiento Territorial a trav\u00e9s de la Direcci\u00f3n de Recursos Naturales. El objetivo es prevenir accidentes n\u00e1uticos y ahogamientos.<\/strong><\/span><\/p>\n<p><span style=\"color: #000000;\">Desde la Divisi\u00f3n N\u00e1utica de la Secretar\u00eda de Ambiente de la Provincia, se emiti\u00f3 un comunicado oficial con las siguientes indicaciones: las actividades n\u00e1uticas en Embalses Potrerillos, El Carrizal, Agua del Toro, el Nihuil, Valle Grande y Los Reyunos quedar\u00e1n suspendidas a partir de las 12 horas del d\u00eda viernes 17 de noviembre, debido al pron\u00f3stico de fuerte presencia de viento Zonda.<\/span><\/p>\n<p><span style=\"color: #000000;\">Por ello, se recomienda a toda la poblaci\u00f3n, evitar concurrir a los espejos de agua en el d\u00eda de la fecha para prevenir todo tipo de accidentes y ahogamientos. Del mismo modo, se solicita dar aviso inmediato al 911 ante el avistaje de cualquier actividad sospechosa en los espejos de agua y acompa\u00f1ar a los organismos p\u00fablicos en la administraci\u00f3n eficiente de los recursos y operativos, esto significa no entorpecer los procedimientos y acatar las instrucciones oficiales.<\/span><\/p>\n<p><span style=\"color: #000000;\">Finalmente, se recomienda permanecer en los domicilios particulares, hidrataci\u00f3n permanente, dejar los veh\u00edculos alejados de los \u00e1rboles y fundamentalmente no encender fuego bajo ning\u00fan motivo.<\/span><\/p>\n","protected":false},"excerpt":{"rendered":"<p>As\u00ed lo inform\u00f3 la Secretar\u00eda de Ambiente y Ordenamiento Territorial a trav\u00e9s de la Direcci\u00f3n de Recursos Naturales. El objetivo es &#8230;<\/p>\n","protected":false},"author":7,"featured_media":129581,"comment_status":"open","ping_status":"open","sticky":false,"template":"","format":"standard","meta":{"footnotes":""},"categories":[1],"tags":[],"class_list":["post-129580","post","type-post","status-publish","format-standard","has-post-thumbnail","hentry","category-fmvinas"],"_links":{"self":[{"href":"https:\/\/vinasfm.com\/noticias\/wp-json\/wp\/v2\/posts\/129580","targetHints":{"allow":["GET"]}}],"collection":[{"href":"https:\/\/vinasfm.com\/noticias\/wp-json\/wp\/v2\/posts"}],"about":[{"href":"https:\/\/vinasfm.com\/noticias\/wp-json\/wp\/v2\/types\/post"}],"author":[{"embeddable":true,"href":"https:\/\/vinasfm.com\/noticias\/wp-json\/wp\/v2\/users\/7"}],"replies":[{"embeddable":true,"href":"https:\/\/vinasfm.com\/noticias\/wp-json\/wp\/v2\/comments?post=129580"}],"version-history":[{"count":1,"href":"https:\/\/vinasfm.com\/noticias\/wp-json\/wp\/v2\/posts\/129580\/revisions"}],"predecessor-version":[{"id":129582,"href":"https:\/\/vinasfm.com\/noticias\/wp-json\/wp\/v2\/posts\/129580\/revisions\/129582"}],"wp:featuredmedia":[{"embeddable":true,"href":"https:\/\/vinasfm.com\/noticias\/wp-json\/wp\/v2\/media\/129581"}],"wp:attachment":[{"href":"https:\/\/vinasfm.com\/noticias\/wp-json\/wp\/v2\/media?parent=129580"}],"wp:term":[{"taxonomy":"category","embeddable":true,"href":"https:\/\/vinasfm.com\/noticias\/wp-json\/wp\/v2\/categories?post=129580"},{"taxonomy":"post_tag","embeddable":true,"href":"https:\/\/vinasfm.com\/noticias\/wp-json\/wp\/v2\/tags?post=129580"}],"curies":[{"name":"wp","href":"https:\/\/api.w.org\/{rel}","templated":true}]}}