{"id":129574,"date":"2023-11-17T10:24:53","date_gmt":"2023-11-17T13:24:53","guid":{"rendered":"https:\/\/vinasfm.com\/noticias\/?p=129574"},"modified":"2023-11-18T10:20:24","modified_gmt":"2023-11-18T13:20:24","slug":"de-cara-al-balotaje-electoral-el-intendente-de-general-alvear-expreso-deseo-que-los-ciudadanos-puedan-elegir-en-paz","status":"publish","type":"post","link":"https:\/\/vinasfm.com\/noticias\/de-cara-al-balotaje-electoral-el-intendente-de-general-alvear-expreso-deseo-que-los-ciudadanos-puedan-elegir-en-paz\/","title":{"rendered":"DE CARA AL BALOTAJE ELECTORAL, EL INTENDENTE DE GENERAL ALVEAR EXPRES\u00d3: \u201cDESEO QUE LOS CIUDADANOS PUEDAN ELEGIR EN PAZ\u201d"},"content":{"rendered":"<p><strong>Este domingo, los ciudadanos de Argentina ir\u00e1n nuevamente a las urnas para definir a qui\u00e9n ser\u00e1 el pr\u00f3ximo presidente de la Naci\u00f3n. En dicho Balotaje Electoral se enfrentar\u00e1n Javier Milei, por La Libertad Avanza, y Sergio Massa, por Uni\u00f3n por la Patria. <\/strong><\/p>\n<p>En un an\u00e1lisis al pr\u00f3ximo acontecimiento, Marcolini afirm\u00f3 que <strong><em>\u201choy la principal demanda del pueblo para el pr\u00f3ximo gobierno es de orden econ\u00f3mico, por eso es necesario llevarle tranquilidad a las personas\u201d.<\/em><\/strong> As\u00ed mismo, sostuvo <strong><em>\u201cmi \u00fanico deseo es que el domingo la ciudadan\u00eda priorice ir a las urnas porque est\u00e1 en juego el destino del pa\u00eds\u201d.<\/em><\/strong><\/p>\n<p>Sobre su voto dijo; <strong><em>\u201cyo pertenezco a la Uni\u00f3n C\u00edvica Radical y por los tanto me manejo en sus t\u00e9rminos institucionales. Me reservo mi voto, pero los que me conocen saben cu\u00e1les son mis ideales, solo puedo afirmar que mi voto no ser\u00e1 en blanco\u201d.<\/em><\/strong><\/p>\n<h2><strong><em>TRASPASO DE MANDO<\/em><\/strong><\/h2>\n<p><span style=\"color: #000000;\">Por otro lado, el actual Intendente de General Alvear confirm\u00f3 que los tres Intendentes que ser\u00e1n Senadores Provinciales asumir\u00e1n sus bancas el d\u00eda 12 de diciembre. De este modo, el Intendente Electo Alejandro Molero, asumir\u00e1 su mandato el pr\u00f3ximo 10 de diciembre a las 20:00 hs<\/span><\/p>\n<p><span style=\"color: #000000;\">Ante distintas especulaciones, Walther Marcolini aclar\u00f3 que no renunciar\u00e1 a su cargo para asumir su banca en el Senado. <\/span><\/p>\n","protected":false},"excerpt":{"rendered":"<p>Este domingo, los ciudadanos de Argentina ir\u00e1n nuevamente a las urnas para definir a qui\u00e9n ser\u00e1 el pr\u00f3ximo presidente de la &#8230;<\/p>\n","protected":false},"author":7,"featured_media":129575,"comment_status":"open","ping_status":"open","sticky":false,"template":"","format":"standard","meta":{"footnotes":""},"categories":[5,7],"tags":[],"class_list":["post-129574","post","type-post","status-publish","format-standard","has-post-thumbnail","hentry","category-actualidad","category-politica"],"_links":{"self":[{"href":"https:\/\/vinasfm.com\/noticias\/wp-json\/wp\/v2\/posts\/129574","targetHints":{"allow":["GET"]}}],"collection":[{"href":"https:\/\/vinasfm.com\/noticias\/wp-json\/wp\/v2\/posts"}],"about":[{"href":"https:\/\/vinasfm.com\/noticias\/wp-json\/wp\/v2\/types\/post"}],"author":[{"embeddable":true,"href":"https:\/\/vinasfm.com\/noticias\/wp-json\/wp\/v2\/users\/7"}],"replies":[{"embeddable":true,"href":"https:\/\/vinasfm.com\/noticias\/wp-json\/wp\/v2\/comments?post=129574"}],"version-history":[{"count":2,"href":"https:\/\/vinasfm.com\/noticias\/wp-json\/wp\/v2\/posts\/129574\/revisions"}],"predecessor-version":[{"id":129622,"href":"https:\/\/vinasfm.com\/noticias\/wp-json\/wp\/v2\/posts\/129574\/revisions\/129622"}],"wp:featuredmedia":[{"embeddable":true,"href":"https:\/\/vinasfm.com\/noticias\/wp-json\/wp\/v2\/media\/129575"}],"wp:attachment":[{"href":"https:\/\/vinasfm.com\/noticias\/wp-json\/wp\/v2\/media?parent=129574"}],"wp:term":[{"taxonomy":"category","embeddable":true,"href":"https:\/\/vinasfm.com\/noticias\/wp-json\/wp\/v2\/categories?post=129574"},{"taxonomy":"post_tag","embeddable":true,"href":"https:\/\/vinasfm.com\/noticias\/wp-json\/wp\/v2\/tags?post=129574"}],"curies":[{"name":"wp","href":"https:\/\/api.w.org\/{rel}","templated":true}]}}