{"id":129570,"date":"2023-11-17T09:46:29","date_gmt":"2023-11-17T12:46:29","guid":{"rendered":"https:\/\/vinasfm.com\/noticias\/?p=129570"},"modified":"2023-11-17T09:46:29","modified_gmt":"2023-11-17T12:46:29","slug":"este-viernes-se-realizara-la-apertura-de-la-licitacion-internacional-para-el-hub-logistico-y-el-aeropuerto-de-cargas","status":"publish","type":"post","link":"https:\/\/vinasfm.com\/noticias\/este-viernes-se-realizara-la-apertura-de-la-licitacion-internacional-para-el-hub-logistico-y-el-aeropuerto-de-cargas\/","title":{"rendered":"ESTE VIERNES SE REALIZAR\u00c1 LA APERTURA DE LA LICITACI\u00d3N INTERNACIONAL PARA EL HUB LOG\u00cdSTICO Y EL AEROPUERTO DE CARGAS"},"content":{"rendered":"<p><strong>Como se hab\u00eda anunciado hace algunos d\u00edas, el Municipio vendi\u00f3 el pliego para el desarrollo del HUB log\u00edsticos y el aeropuerto de cargas y finalmente hoy ser\u00e1 la apertura de sobres.<\/strong><\/p>\n<p>En conferencia de prensa, Walther Marcolini adelant\u00f3 que este viernes se realizar\u00e1 la apertura de la licitaci\u00f3n internacional para el HUB log\u00edstico y el aeropuerto de cargas, donde habr\u00e1 una presentaci\u00f3n importante. Tras este paso se presentar\u00e1 ante la Fiscal\u00eda de Estado, para que se realice la fiscalizaci\u00f3n correspondiente, y se espera adjudicarlo a fines de noviembre para que comiencen r\u00e1pidamente las obras y el trabajo para la aprobaci\u00f3n del informe de impacto ambiental por parte de la empresa que resulte adjudicada.<\/p>\n<p>El pliego fue vendido por un costo de <strong>4.966 d\u00f3lares<\/strong> (el 1% del presupuesto oficial en el que se vender\u00edan las hect\u00e1reas) y, para abril del 2024, la empresa deber\u00e1 realizar el pago del monto total de las 300 hect\u00e1reas.<\/p>\n","protected":false},"excerpt":{"rendered":"<p>Como se hab\u00eda anunciado hace algunos d\u00edas, el Municipio vendi\u00f3 el pliego para el desarrollo del HUB log\u00edsticos y el aeropuerto &#8230;<\/p>\n","protected":false},"author":7,"featured_media":51137,"comment_status":"open","ping_status":"open","sticky":false,"template":"","format":"standard","meta":{"footnotes":""},"categories":[1],"tags":[],"class_list":["post-129570","post","type-post","status-publish","format-standard","has-post-thumbnail","hentry","category-fmvinas"],"_links":{"self":[{"href":"https:\/\/vinasfm.com\/noticias\/wp-json\/wp\/v2\/posts\/129570","targetHints":{"allow":["GET"]}}],"collection":[{"href":"https:\/\/vinasfm.com\/noticias\/wp-json\/wp\/v2\/posts"}],"about":[{"href":"https:\/\/vinasfm.com\/noticias\/wp-json\/wp\/v2\/types\/post"}],"author":[{"embeddable":true,"href":"https:\/\/vinasfm.com\/noticias\/wp-json\/wp\/v2\/users\/7"}],"replies":[{"embeddable":true,"href":"https:\/\/vinasfm.com\/noticias\/wp-json\/wp\/v2\/comments?post=129570"}],"version-history":[{"count":1,"href":"https:\/\/vinasfm.com\/noticias\/wp-json\/wp\/v2\/posts\/129570\/revisions"}],"predecessor-version":[{"id":129571,"href":"https:\/\/vinasfm.com\/noticias\/wp-json\/wp\/v2\/posts\/129570\/revisions\/129571"}],"wp:featuredmedia":[{"embeddable":true,"href":"https:\/\/vinasfm.com\/noticias\/wp-json\/wp\/v2\/media\/51137"}],"wp:attachment":[{"href":"https:\/\/vinasfm.com\/noticias\/wp-json\/wp\/v2\/media?parent=129570"}],"wp:term":[{"taxonomy":"category","embeddable":true,"href":"https:\/\/vinasfm.com\/noticias\/wp-json\/wp\/v2\/categories?post=129570"},{"taxonomy":"post_tag","embeddable":true,"href":"https:\/\/vinasfm.com\/noticias\/wp-json\/wp\/v2\/tags?post=129570"}],"curies":[{"name":"wp","href":"https:\/\/api.w.org\/{rel}","templated":true}]}}