{"id":129565,"date":"2023-11-17T09:36:37","date_gmt":"2023-11-17T12:36:37","guid":{"rendered":"https:\/\/vinasfm.com\/noticias\/?p=129565"},"modified":"2023-11-18T10:20:59","modified_gmt":"2023-11-18T13:20:59","slug":"viento-zonda-severo-consejos-para-prevenir-accidentes","status":"publish","type":"post","link":"https:\/\/vinasfm.com\/noticias\/viento-zonda-severo-consejos-para-prevenir-accidentes\/","title":{"rendered":"VIENTO ZONDA SEVERO: CONSEJOS PARA PREVENIR ACCIDENTES"},"content":{"rendered":"<h4>El fen\u00f3meno se registrar\u00eda con mayor intensidad el viernes en el llano mendocino.<\/h4>\n<p>Nuevamente el viento Zonda llegar\u00eda a gran parte del llano provincial este jueves y con mayor intensidad ma\u00f1ana viernes. Por este motivo, el Ministerio de Seguridad advierte a la poblaci\u00f3n y le aconseja extremar los cuidados para prevenir accidentes.<\/p>\n<p>Desde Defensa Civil, durante la ma\u00f1ana de hoy, emitieron un comunicado resaltando:\u00a0<em>probabilidad de viento zonda en zona baja de Malarg\u00fce y viento oeste con efecto zonda en cordillera de Malarg\u00fce y San Rafael.\u00a0<\/em><\/p>\n<p>En tanto, desde el Servicio Meteorol\u00f3gico Nacional anunciaron: para hoy, posibilidades de Zonda en superficie desde las 13, en Malarg\u00fce, con una intensidad entre 45 y 50 km\/h, que puede afectar la zona sur de San Rafael, la precordillera y con menor intensidad en Valle de Uco y Uspallata. Pasadas las 21, el viento disminuye su intensidad siendo muy leve del oeste, y se extiende hasta el viernes.<\/p>\n<p><strong>Mientras que, para el viernes, se emiti\u00f3 una alerta naranja por la presencia de fuertes r\u00e1fagas de viento en la provincia. \u00a0<\/strong><\/p>\n<p>El pron\u00f3stico anticipa que el fen\u00f3meno comenzar\u00eda en Malarg\u00fce a las 7. Luego, a las 10, aumenta su velocidad para llegar a un promedio de 70 a 80 km\/h. Se extender\u00eda a San Rafael, General Alvear, Valle de Uco y Precordillera (se esperan r\u00e1fagas severas). Pasada la medianoche disminuye su velocidad.<\/p>\n<p>Para el Gran Mendoza, el viento se percibir\u00eda cerca del mediod\u00eda, con mayor intensidad a partir de las 16, con velocidad promedio entre 45 y 50 km\/h. Posteriormente alcanzar\u00eda a Lavalle y la zona Este. A las 20.30, empezar\u00eda a disminuir la intensidad.<\/p>\n<p>Por \u00faltimo, en la madrugada ingresar\u00eda un viento del este moderado, con descenso de la temperatura, que se prolongar\u00eda hasta el s\u00e1bado.<\/p>\n<p><strong>Recomendaciones<\/strong><\/p>\n<p>\u2013 Hidratarse permanentemente ni\u00f1os y ancianos.<\/p>\n<p>\u2013 Tener a mano la medicaci\u00f3n en caso de sufrir asma o cualquier otra enfermedad bronquial, pulmonar y cardiaca.<\/p>\n<p>\u2013 Cerrar la casa lo m\u00e1s herm\u00e9ticamente posible para evitar la entrada del aire seco y caliente del exterior. Tapar con trapos h\u00famedos todas las peque\u00f1as aberturas, como marcos de puertas y ventanas.<\/p>\n<p>\u2013 En casos extremos, aumentar artificialmente la humedad del interior de la casa mediante rociado o regado del piso o paredes.<\/p>\n<p>\u2013 Evitar la inhalaci\u00f3n del polvo suspendido en el aire que arrastra el viento y protegerse los ojos. No tocar objetos met\u00e1licos, ya que se pueden producir descargas de corriente est\u00e1ticas<\/p>\n<p>\u2013 Ser precavido en lugares descubiertos. Por momentos, las fuertes r\u00e1fagas del viento Zonda pueden arrancar chapas, tejas u otros objetos de los techos y ser arrojados con fuerza a grandes distancias.<\/p>\n<p>\u2013 Mantenerse alejado de los \u00e1rboles grandes y frondosos de madera fr\u00e1gil. La fuerza del viento puede quebrar ramas y arrojarlas sobre las personas.<\/p>\n<p>\u2013 No estacionar el autom\u00f3vil bajo \u00e1rboles.<\/p>\n<p>\u2013 Al conducir extremar la precauci\u00f3n.<\/p>\n<p>-No manejar materiales inflamables y elementos que pueden provocar chispas o fuego, ya que la sequedad del ambiente durante el Zonda eleva la posibilidad de incendios. Asegurarse de apagar completamente la colilla del cigarrillo antes de arrojarla.<\/p>\n","protected":false},"excerpt":{"rendered":"<p>El fen\u00f3meno se registrar\u00eda con mayor intensidad el viernes en el llano mendocino. Nuevamente el viento Zonda llegar\u00eda a gran parte &#8230;<\/p>\n","protected":false},"author":7,"featured_media":128659,"comment_status":"open","ping_status":"open","sticky":false,"template":"","format":"standard","meta":{"footnotes":""},"categories":[5,10],"tags":[],"class_list":["post-129565","post","type-post","status-publish","format-standard","has-post-thumbnail","hentry","category-actualidad","category-destacadas"],"_links":{"self":[{"href":"https:\/\/vinasfm.com\/noticias\/wp-json\/wp\/v2\/posts\/129565","targetHints":{"allow":["GET"]}}],"collection":[{"href":"https:\/\/vinasfm.com\/noticias\/wp-json\/wp\/v2\/posts"}],"about":[{"href":"https:\/\/vinasfm.com\/noticias\/wp-json\/wp\/v2\/types\/post"}],"author":[{"embeddable":true,"href":"https:\/\/vinasfm.com\/noticias\/wp-json\/wp\/v2\/users\/7"}],"replies":[{"embeddable":true,"href":"https:\/\/vinasfm.com\/noticias\/wp-json\/wp\/v2\/comments?post=129565"}],"version-history":[{"count":1,"href":"https:\/\/vinasfm.com\/noticias\/wp-json\/wp\/v2\/posts\/129565\/revisions"}],"predecessor-version":[{"id":129567,"href":"https:\/\/vinasfm.com\/noticias\/wp-json\/wp\/v2\/posts\/129565\/revisions\/129567"}],"wp:featuredmedia":[{"embeddable":true,"href":"https:\/\/vinasfm.com\/noticias\/wp-json\/wp\/v2\/media\/128659"}],"wp:attachment":[{"href":"https:\/\/vinasfm.com\/noticias\/wp-json\/wp\/v2\/media?parent=129565"}],"wp:term":[{"taxonomy":"category","embeddable":true,"href":"https:\/\/vinasfm.com\/noticias\/wp-json\/wp\/v2\/categories?post=129565"},{"taxonomy":"post_tag","embeddable":true,"href":"https:\/\/vinasfm.com\/noticias\/wp-json\/wp\/v2\/tags?post=129565"}],"curies":[{"name":"wp","href":"https:\/\/api.w.org\/{rel}","templated":true}]}}