{"id":129493,"date":"2023-11-15T18:19:44","date_gmt":"2023-11-15T21:19:44","guid":{"rendered":"https:\/\/vinasfm.com\/noticias\/?p=129493"},"modified":"2023-11-16T12:17:12","modified_gmt":"2023-11-16T15:17:12","slug":"infraestructura-elemental-terminara-la-construccion-de-nuevas-aulas-en-escuelas-de-la-provincia","status":"publish","type":"post","link":"https:\/\/vinasfm.com\/noticias\/infraestructura-elemental-terminara-la-construccion-de-nuevas-aulas-en-escuelas-de-la-provincia\/","title":{"rendered":"INFRAESTRUCTURA ELEMENTAL TERMINAR\u00c1 LA CONSTRUCCI\u00d3N DE NUEVAS AULAS EN ESCUELAS DE LA PROVINCIA"},"content":{"rendered":"<p><span style=\"color: #000000;\"><strong>Se trata de establecimientos ubicados en Las Heras, Capital, Valle de Uco, Maip\u00fa y Luj\u00e1n de Cuyo, que necesitan de esos espacios educativos por razones de matr\u00edcula. Ya se realiz\u00f3 el correspondiente llamado a licitaci\u00f3n y los sobres con las ofertas de empresas se abrir\u00e1n entre el 22 y 23 de noviembre. Habr\u00e1 una inversi\u00f3n oficial de $260 millones, que se financiar\u00e1n con fondos provinciales.<\/strong><\/span><\/p>\n<p><span style=\"color: #000000;\">La Subsecretar\u00eda de Infraestructura Elemental tiene previsto retomar en diciembre, la obra de construcci\u00f3n de 25 aulas, en 14 escuelas de la provincia que necesitan esos espacios por razones de aumento de matr\u00edcula.<\/span><\/p>\n<p><span style=\"color: #000000;\">Se trata de establecimientos ubicados en Las Heras, Capital, todo el Valle de Uco, Maip\u00fa y Luj\u00e1n de Cuyo. En algunos casos, hay que terminar un aula y en el resto son dos aulas por escuela.<\/span><\/p>\n<p><span style=\"color: #000000;\">La Capit\u00e1n V\u00e1zquez (Las Heras), la Bernardo Houssay y Joaqu\u00edn Salvador Lavado (Capital), la Miguel Firpo y M\u00f3nica Loyarte (San Carlos), la Ernesto Piaggi (Tupungato), la Amanda Fern\u00e1ndez de Palermo (Tunuy\u00e1n), la Horacio Mart\u00ednez Leanez (Maip\u00fa) y la Carlos Fader (Luj\u00e1n de Cuyo), son algunas de las escuelas que ser\u00e1n intervenidas con estas obras.<\/span><\/p>\n<p><span style=\"color: #000000;\"><strong><em>\u201cSe trata de obras que no pudieron terminarse con los primeros presupuestos, por razones inflacionarias. Los montos que se licitaron inicialmente quedaron r\u00e1pidamente desfasados por los aumentos mensuales que hubo este a\u00f1o. Por eso, tuvimos que volver a licitar los coeficientes y as\u00ed, poder concluir los trabajos. Es una continuidad de obra en todos los casos. Nuestro objetivo es comenzarlos en diciembre y terminar las aulas lo antes posible\u201d<\/em><\/strong>, se\u00f1al\u00f3 el subsecretario de Infraestructura Elemental, Guillermo Carbonell.<\/span><\/p>\n<p><span style=\"color: #000000;\">Las obras, en estas 25 aulas que comenzar\u00e1n a ejecutarse antes de fin de a\u00f1o, fueron licitadas en los \u00faltimos d\u00edas y entre el 22 y 23 de noviembre se realizar\u00e1n las aperturas de sobres con las ofertas de las empresas constructoras interesadas en abordarlas. Estos actos para conocer las propuestas econ\u00f3micas se har\u00e1n en la sede de Infraestructura Elemental, ubicada en Belgrano Oeste 210, de Capital.<\/span><\/p>\n<p><span style=\"color: #000000;\">Estos futuros trabajos se sumar\u00e1n a otros similares que ya fueron terminados. Se trata de aulas que se hicieron en las escuelas Federico Leloir (San Rafael), Integraci\u00f3n (San Carlos), Manuel Nolo Tej\u00f3n (Las Heras), Alto del Olvido (Lavalle) y El Plumerillo, tambi\u00e9n de Las Heras.<\/span><\/p>\n<p><span style=\"color: #000000;\">Adem\u00e1s, est\u00e1n muy pr\u00f3ximas a concluirse (est\u00e1n previstas para la pr\u00f3xima semana) las aulas de las escuelas Buenos Vecinos y Cacique Guaymall\u00e9n, ambas de Guaymall\u00e9n.<\/span><\/p>\n","protected":false},"excerpt":{"rendered":"<p>Se trata de establecimientos ubicados en Las Heras, Capital, Valle de Uco, Maip\u00fa y Luj\u00e1n de Cuyo, que necesitan de esos &#8230;<\/p>\n","protected":false},"author":7,"featured_media":129494,"comment_status":"open","ping_status":"open","sticky":false,"template":"","format":"standard","meta":{"footnotes":""},"categories":[5,10],"tags":[],"class_list":["post-129493","post","type-post","status-publish","format-standard","has-post-thumbnail","hentry","category-actualidad","category-destacadas"],"_links":{"self":[{"href":"https:\/\/vinasfm.com\/noticias\/wp-json\/wp\/v2\/posts\/129493","targetHints":{"allow":["GET"]}}],"collection":[{"href":"https:\/\/vinasfm.com\/noticias\/wp-json\/wp\/v2\/posts"}],"about":[{"href":"https:\/\/vinasfm.com\/noticias\/wp-json\/wp\/v2\/types\/post"}],"author":[{"embeddable":true,"href":"https:\/\/vinasfm.com\/noticias\/wp-json\/wp\/v2\/users\/7"}],"replies":[{"embeddable":true,"href":"https:\/\/vinasfm.com\/noticias\/wp-json\/wp\/v2\/comments?post=129493"}],"version-history":[{"count":1,"href":"https:\/\/vinasfm.com\/noticias\/wp-json\/wp\/v2\/posts\/129493\/revisions"}],"predecessor-version":[{"id":129495,"href":"https:\/\/vinasfm.com\/noticias\/wp-json\/wp\/v2\/posts\/129493\/revisions\/129495"}],"wp:featuredmedia":[{"embeddable":true,"href":"https:\/\/vinasfm.com\/noticias\/wp-json\/wp\/v2\/media\/129494"}],"wp:attachment":[{"href":"https:\/\/vinasfm.com\/noticias\/wp-json\/wp\/v2\/media?parent=129493"}],"wp:term":[{"taxonomy":"category","embeddable":true,"href":"https:\/\/vinasfm.com\/noticias\/wp-json\/wp\/v2\/categories?post=129493"},{"taxonomy":"post_tag","embeddable":true,"href":"https:\/\/vinasfm.com\/noticias\/wp-json\/wp\/v2\/tags?post=129493"}],"curies":[{"name":"wp","href":"https:\/\/api.w.org\/{rel}","templated":true}]}}