{"id":129490,"date":"2023-11-15T18:14:54","date_gmt":"2023-11-15T21:14:54","guid":{"rendered":"https:\/\/vinasfm.com\/noticias\/?p=129490"},"modified":"2023-11-16T10:36:16","modified_gmt":"2023-11-16T13:36:16","slug":"el-gobierno-de-mendoza-prepara-un-operativo-para-el-balotaje","status":"publish","type":"post","link":"https:\/\/vinasfm.com\/noticias\/el-gobierno-de-mendoza-prepara-un-operativo-para-el-balotaje\/","title":{"rendered":"EL GOBIERNO DE MENDOZA PREPARA UN OPERATIVO PARA EL BALOTAJE"},"content":{"rendered":"<p><strong>El pr\u00f3ximo domingo 19 se desarrollar\u00e1 la segunda vuelta de las elecciones a presidente y vice. En este contexto, el Gobierno provincial ha preparado un operativo que involucra a los ministerios de Seguridad; Salud, Desarrollo Social y Deportes; la Direcci\u00f3n General de Escuelas (DGE) y la Secretar\u00eda de Servicios P\u00fablicos y el Registro Civil, dependiente de Gobierno, Trabajo y Justicia.<\/strong><\/p>\n<p>Desde cada una de las reparticiones brindaron detalles de los servicios que se prestar\u00e1n en el marco de este importante acto electoral.<\/p>\n<h2>MINITERIO DE SEGURIDAD<\/h2>\n<p>La cartera afectar\u00e1 a m\u00e1s de 2.500 polic\u00edas para el balotaje. Los uniformados estar\u00e1n distribuidos en 646 escuelas y para patrullar las calles.<\/p>\n<p>En total ser\u00e1n 2.584 los efectivos que brindar\u00e1n seguridad en todo el territorio mendocino. Estar\u00e1n distribuidos en 646 escuelas de todo Mendoza, dos por cada turno (ma\u00f1ana y tarde), para la cobertura en las calles, ya que la seguridad en el interior de los establecimientos estar\u00e1 a cargo del Ej\u00e9rcito Argentino.<\/p>\n<p>Adem\u00e1s, se sumar\u00e1n las guardias de cada una de las dependencias y todo el personal de apoyo.<\/p>\n<p>En tanto, el Ej\u00e9rcito se instalar\u00e1 en las escuelas a partir de las 16 del s\u00e1bado.<\/p>\n<p>Una vez finalizadas las elecciones, en forma conjunta con el Ej\u00e9rcito, se trasladar\u00e1n las urnas a la sede central del Correo Argentino de Ciudad, San Mart\u00edn y Col\u00f3n, Ciudad de Mendoza, y quedar\u00e1 el lugar con custodia hasta el escrutinio definitivo.<\/p>\n<p>Entre las prohibiciones, no se vender\u00e1n bebidas alcoh\u00f3licas desde las 20 del s\u00e1bado hasta las 21 del domingo. Tampoco se podr\u00e1n realizar espect\u00e1culos masivos, culturales, sociales o deportivos durante el d\u00eda que se desarrollen los comicios.<\/p>\n<h2>REGISTRO CIVIL<\/h2>\n<p>Las oficinas de los 18 departamentos abrir\u00e1n el domingo 19 de noviembre, de 8 a 18, para entregar DNI y certificados excusatorios, excepto la de la localidad de Potrerillos, que tendr\u00e1 un horario especial, de 11 a 18.<\/p>\n<p>Desde el Ministerio de Gobierno, Trabajo y Justicia informaron a los ciudadanos de Mendoza que el Registro Civil abrir\u00e1 las oficinas en los departamentos, el 19 de noviembre, de 8 a 18, con motivo de la realizaci\u00f3n del balotaje para la elecci\u00f3n presidencial.<\/p>\n<p>Los certificados de extrav\u00edo podr\u00e1n tramitarse por internet desde el siguiente <a href=\"https:\/\/partidasdigitales.mendoza.gov.ar\/pedidosreg\/\">https:\/\/partidasdigitales.mendoza.gov.ar\/pedidosreg\/<\/a> ingresando a la opci\u00f3n pedidos \u201cCertificados de Extrav\u00edo\u201d.<\/p>\n<p><strong>Las tareas que se desarrollar\u00e1n son:<\/strong><\/p>\n<p>-Entrega de DNI a los ciudadanos que no los hubiesen retirado a la fecha y se encuentren en esas oficinas. Cabe aclarar que visitaron el domicilio dos veces para entregar esos documentos y, al no encontrar la persona para entreg\u00e1rselo, quedan en la oficina donde se origin\u00f3 el tr\u00e1mite. En el caso de los DNI realizados en\u00a0 las oficinas de Ventanilla \u00danica, Gimnasios N\u00b02 y 4\u00b0 Secci\u00f3n, deber\u00e1n retirarlos en la oficina de la Municipalidad de la Ciudad de Mendoza.<\/p>\n<p>-Confecci\u00f3n de certificados excusatorios de las votaciones, como no haber recibido el documento, por estar a m\u00e1s de 500 km de distancia del lugar de votaci\u00f3n, por p\u00e9rdida o extrav\u00edo del documento.<\/p>\n<p>Cabe aclarar que los ciudadanos que tramitaron su DNI en las oficinas de: El Challao, durante esta jornada de elecciones deben dirigirse para cualquier consulta a la de Las Heras Centro y los que realizaron su tr\u00e1mite en la de Bermejo, deben dirigirse este 19 de noviembre a la Villa Nueva.<\/p>\n<h2>Oficinas con atenci\u00f3n a los ciudadanos<\/h2>\n<h3><strong>CAPITAL<\/strong><\/h3>\n<p>B\u00b0 La Favorita. Acceso 2 s\/n\u00a0 los Junquillos y Libertador B\u00b0 La Favorita<\/p>\n<p>Of. Concentradora (Casa de\u00a0 Gobierno). Peltier 351, Cuerpo Central, PB, Capital, Mendoza<\/p>\n<p>Of. Municipalidad de Capital. 9 de Julio 500, PB<\/p>\n<p>Of. Barrio San Mart\u00edn. Manzana T, casa 15, B\u00b0 San Mart\u00edn<\/p>\n<p>Of. Cuarta Secci\u00f3n. San Mart\u00edn 2981<\/p>\n<h3><strong>LAS HERAS<\/strong><\/h3>\n<p>Of. Las Heras. San Miguel 1482<\/p>\n<p>Of. Algarrobal. Paraguay y Paso Hondo s\/n , El Algarrobal<\/p>\n<p>Of. Dragui Lucero. Maip\u00fa e Independencia<\/p>\n<p>Of. UJEMVI. Democracia y Los Ceibos<\/p>\n<p>Of. Uspallata. Ruta 7 Km 1147, LOTE 4, M2-31<\/p>\n<h3><strong>GUAYMALL\u00c9N<\/strong><\/h3>\n<p>Of. Villa Nueva. Victoria y Pedro del Castillo 855, Villanueva<\/p>\n<p>Of. Los Corralitos. Severo del Castillo N\u00b0 4810, Los Corralitos<\/p>\n<p>Of. San Jos\u00e9. Fco. De La Reta y Viamonte, San Jos\u00e9<\/p>\n<p>Of. Rodeo de la Cruz. Bandera de los Andes 8956, Rodeo de la Cruz<\/p>\n<p>Of. Dorrego. Alto Dorrego Mall, Lateral Oeste Acc. Sur, Dorrego<\/p>\n<h3><strong>TUPUNGATO<\/strong><\/h3>\n<p>Of. Tupungato. Santiago Liniers 290<\/p>\n<h3><strong>SAN CARLOS<\/strong><\/h3>\n<p>Of. Chilecito. San Mart\u00edn s\/n \u2013 Chilecito<\/p>\n<p>Of. San Carlos. Independencia 345, San Carlos<\/p>\n<p>Of. La Consulta. Centro C\u00edvico \u2013 P.B. Ej. de los Andes y 9 de Julio \u2013 La Consulta<\/p>\n<h3><strong>TUNUY\u00c1N<\/strong><\/h3>\n<p>Of. Vista Flores. San Mart\u00edn 1120, Local 3, Vista Flores<\/p>\n<p>Of. Tunuy\u00e1n. San Mart\u00edn 1900, Centro C\u00edvico<\/p>\n<h3><strong>LAVALLE<\/strong><\/h3>\n<p>Of. Lavalle. Uruguay N\u00b0139, Villa Tulumaya<\/p>\n<p>Of. Costa de Araujo. Moreno y Medina S\/N\u00ba \u2013 Costa de Araujo<\/p>\n<p>Of. Gustavo Andr\u00e9. Cordera y Moyano, Gustavo Andr\u00e9<\/p>\n<p>Of. 3 de Mayo. Carril 3 de Mayo S\/N\u00ba, 3 de Mayo<\/p>\n<h3><strong>SAN MART\u00cdN<\/strong><\/h3>\n<p>Of. San Mart\u00edn. Pueyrred\u00f3n N\u00ba 58<\/p>\n<p>Of. San Pedro. Centro Comunitario, B\u00b0 San Pedro<\/p>\n<p>Of. Palmira. 25 de Mayo y Col\u00f3n s\/n, Centro C\u00edvico, Palmira<\/p>\n<p>Of. Tres Porte\u00f1as. Bayo s\/n, Tres Porte\u00f1as<\/p>\n<p>Of. Montecaseros. Carril Montecaseros, Km 9, Montecaseros<\/p>\n<h3><strong>RIVADAVIA<\/strong><\/h3>\n<p>Of. Rivadavia. San Isidro 481<\/p>\n<h3><strong>JUN\u00cdN<\/strong><\/h3>\n<p>Of. Jun\u00edn. Rom\u00e1n Cano e Yrigoyen<\/p>\n<p>Of. La Colonia. Entre R\u00edos 150, La Colonia<\/p>\n<p>Of. Ingeniero Giagnoni. Lucero s\/n , Ingeniero Giagnoni<\/p>\n<p>Of. Medrano. Col\u00f3n y Luis Correa s\/n, Medrano<\/p>\n<h3><strong>SANTA ROSA<\/strong><\/h3>\n<p>Of. Santa Rosa. Av. San Mart\u00edn 301, Santa Rosa<\/p>\n<p>Of. La Dormida. Remo Falcione, La Dormida<\/p>\n<p>Of. Las Catitas. Antonio Panza y Alejo Mallea. CIC La Costanera, Las Catitas<\/p>\n<h3><strong>LA PAZ<\/strong><\/h3>\n<p>Of. La Paz. Belgrano s\/n \u2013 Centro C\u00edvico<\/p>\n<h3><strong>LUJ\u00c1N DE CUYO<\/strong><\/h3>\n<p>Of. Chacras de Coria. Italia 5405, Chacras de Coria<\/p>\n<p>Of. Carrodilla. Manuel A. Saenz 8253, Carrodilla<\/p>\n<p>Of. Potrerillos. B\u00b0 C\u00edvico s\/n, Potrerillos<\/p>\n<p>Of. El Carrizal. Ruta Nacional 16 \u2013 s\/n \u2013 Estafeta Ugarteche \u2013 Luj\u00e1n<\/p>\n<p>Of. Lujan de Cuyo. San Mart\u00edn 110<\/p>\n<h3><strong>MAIP\u00da<\/strong><\/h3>\n<p>Of. Maip\u00fa. Padre V\u00e1zquez 110<\/p>\n<p>Of. Guti\u00e9rrez. Vicente L\u00f3pez y Planes 135, Guti\u00e9rrez<\/p>\n<p>Of. Luzuriaga. Piedra Buena y Olascoaga \u2013 B\u00b0 Ant\u00e1rtida Argentina, Luzuriaga<\/p>\n<p>Of. Beltr\u00e1n. Alberdi 569. Fray Luis Beltr\u00e1n<\/p>\n<p>Of. Rodeo del Medio. Ruta 50 N\u00ba 4800 \u2013 Rodeo del Medio<\/p>\n<h3><strong>GODOY CRUZ<\/strong><\/h3>\n<p>Of. Covimet. Los Penintentes y Cerro 7 Colores, B\u00b0 Covimet<\/p>\n<p>Of. H\u00edper Libertad. Joaqu\u00edn V. Gonz\u00e1lez 450 (H\u00edper Libertad) Local 750<\/p>\n<h3><strong>SAN RAFAEL<\/strong><\/h3>\n<p>Of. San Rafael. Mitre 11<\/p>\n<p>Of. Capit\u00e1n Montoya. Ruta Nacional 143, Las Paredes<\/p>\n<p>Of. Salto las Rosas. Alberdi s\/n, Salto de las Rosas<\/p>\n<p>Of. Villa Atuel. 9 de Julio y San Mart\u00edn, Villa Atuel<\/p>\n<p>Of. Rama Ca\u00edda. Ej. de los Andes 2000, R. Ca\u00edda<\/p>\n<p>Of. Monte Com\u00e1n. Av. Italia 152, Monte Com\u00e1n<\/p>\n<h3><strong>GENERAL ALVEAR<\/strong><\/h3>\n<p>Of. San Pedro del Atuel. San Mart\u00edn y Emilio Perusset<\/p>\n<p>Of. CDR Gral. Alvear. Alvear Oeste 540<\/p>\n<p>Of. Bowen. Mitre 53<\/p>\n<p>Of. Alvear Oeste. Constituci\u00f3n y Laprida, Alvear Oeste<\/p>\n<h3><strong>MALARG\u00dcE<\/strong><\/h3>\n<p>Of. CDR Malarg\u00fce. San Mart\u00edn 258<\/p>\n<p>Of. Pata Mora. Barrio C\u00edvico<\/p>\n<p>Of. Agua Escondida. Agua Escondida<\/p>\n<h2>SERVICIOS P\u00daBLICOS<\/h2>\n<p>El transporte p\u00fablico ser\u00e1 gratuito durante el domingo. La prestaci\u00f3n se realizar\u00e1 con frecuencias de s\u00e1bado.<\/p>\n<p>Las personas que se dirijan a votar podr\u00e1n acceder al boleto gratuito en los servicios de transporte p\u00fablico urbano y de media y larga distancia. Este beneficio est\u00e1 establecido en la Resoluci\u00f3n 728\/2015, que se aplica en cada acto eleccionario.<\/p>\n<p>En caso de viajar en el servicio de media y larga distancia, se deber\u00e1 tener en cuenta:<\/p>\n<p>\u2013 Acercarse por la boleter\u00eda correspondiente, hasta el s\u00e1bado a las 13, con DNI.<\/p>\n<p>\u2013 Se emitir\u00e1 un pasaje de ida y vuelta para el trayecto comprendido entre el lugar de emisi\u00f3n del boleto y el establecimiento educativo donde sufraga.<\/p>\n<p>\u2013 Dicho pasaje ser\u00e1 v\u00e1lido \u00fanicamente durante el d\u00eda de la elecci\u00f3n.<\/p>\n<h3><strong>Planificar el viaje en transporte p\u00fablico<\/strong><\/h3>\n<p>Mediante la aplicaci\u00f3n MendoTran Cu\u00e1ndo Subo, los usuarios pueden conocer en tiempo real el horario de llegada de colectivos o del Metrotranv\u00eda a una parada determinada. La\u00a0<em>app<\/em>\u00a0est\u00e1 disponible para dispositivos m\u00f3viles https:\/\/play.google.com\/store\/apps\/details?id=com.wara.mendotran y https:\/\/apps.apple.com\/ar\/app\/mendotran-cuando-subo\/id1554868168<\/p>\n<p>Quienes no cuentan con alguno de estos sistemas operativos en sus celulares pueden realizar las consultas a trav\u00e9s de mendotran.mendoza.gov.ar<\/p>\n<p>Por otro lado, en varios puntos del Gran Mendoza se encuentran los informadores en tiempo real que proporcionan el horario exacto de llegada de cada servicio a una parada determinada:<\/p>\n<ul>\n<li>Rioja y Callej\u00f3n Pardo<\/li>\n<li>Salta casi Garibaldi<\/li>\n<li>Ala oeste Hospital Central<\/li>\n<li>Alberdi, Terminal de \u00d3mnibus<\/li>\n<li>Carril exclusivo de Av. San Mart\u00edn, intersecci\u00f3n calle Maip\u00fa<\/li>\n<li>Plaza Independencia<\/li>\n<li>Plaza Godoy Cruz<\/li>\n<li>Terminal de \u00d3mnibus, ala oeste<\/li>\n<li>Godoy Cruz y Patricias Mendocinas<\/li>\n<\/ul>\n<h2>MINISTERIO DE SALUD, DESAROLLO SOCIAL Y DEPORTES<\/h2>\n<p>El servicio de salud se prestar\u00e1 como se hace habitualmente un domingo. Los centros de salud no atender\u00e1n, salvo los de cabecera. Habr\u00e1 guardias en toda la provincia para atender urgencias.<\/p>\n<p><strong>Personas con discapacidad<\/strong><\/p>\n<figure class=\"wp-block-gallery columns-2\">\n<figure><a href=\"https:\/\/www.mendoza.gov.ar\/wp-content\/uploads\/sites\/5\/2023\/11\/discapacidad-elecciones-2.jpeg\"><img loading=\"lazy\" decoding=\"async\" class=\"wp-image-384519 img-responsive center-block alignleft\" src=\"https:\/\/www.mendoza.gov.ar\/wp-content\/uploads\/sites\/5\/2023\/11\/discapacidad-elecciones-2-700x394.jpeg\" sizes=\"auto, (max-width: 700px) 100vw, 700px\" srcset=\"https:\/\/www.mendoza.gov.ar\/wp-content\/uploads\/sites\/5\/2023\/11\/discapacidad-elecciones-2-700x394.jpeg 700w, https:\/\/www.mendoza.gov.ar\/wp-content\/uploads\/sites\/5\/2023\/11\/discapacidad-elecciones-2-250x141.jpeg 250w, https:\/\/www.mendoza.gov.ar\/wp-content\/uploads\/sites\/5\/2023\/11\/discapacidad-elecciones-2-768x432.jpeg 768w, https:\/\/www.mendoza.gov.ar\/wp-content\/uploads\/sites\/5\/2023\/11\/discapacidad-elecciones-2-120x68.jpeg 120w, https:\/\/www.mendoza.gov.ar\/wp-content\/uploads\/sites\/5\/2023\/11\/discapacidad-elecciones-2.jpeg 1024w\" alt=\"\" width=\"400\" height=\"225\" data-id=\"384519\" data-full-url=\"https:\/\/www.mendoza.gov.ar\/wp-content\/uploads\/sites\/5\/2023\/11\/discapacidad-elecciones-2.jpeg\" data-link=\"https:\/\/www.mendoza.gov.ar\/prensa\/?attachment_id=384519\" \/><\/a><\/figure>\n<figure><a href=\"https:\/\/www.mendoza.gov.ar\/wp-content\/uploads\/sites\/5\/2023\/11\/discapacidad-elecciones.jpeg\"><img loading=\"lazy\" decoding=\"async\" class=\"wp-image-384520 img-responsive center-block\" src=\"https:\/\/www.mendoza.gov.ar\/wp-content\/uploads\/sites\/5\/2023\/11\/discapacidad-elecciones-700x700.jpeg\" sizes=\"auto, (max-width: 700px) 100vw, 700px\" srcset=\"https:\/\/www.mendoza.gov.ar\/wp-content\/uploads\/sites\/5\/2023\/11\/discapacidad-elecciones-700x700.jpeg 700w, https:\/\/www.mendoza.gov.ar\/wp-content\/uploads\/sites\/5\/2023\/11\/discapacidad-elecciones-250x250.jpeg 250w, https:\/\/www.mendoza.gov.ar\/wp-content\/uploads\/sites\/5\/2023\/11\/discapacidad-elecciones-150x150.jpeg 150w, https:\/\/www.mendoza.gov.ar\/wp-content\/uploads\/sites\/5\/2023\/11\/discapacidad-elecciones-768x768.jpeg 768w, https:\/\/www.mendoza.gov.ar\/wp-content\/uploads\/sites\/5\/2023\/11\/discapacidad-elecciones-120x120.jpeg 120w, https:\/\/www.mendoza.gov.ar\/wp-content\/uploads\/sites\/5\/2023\/11\/discapacidad-elecciones.jpeg 1080w\" alt=\"\" width=\"400\" height=\"400\" data-id=\"384520\" data-full-url=\"https:\/\/www.mendoza.gov.ar\/wp-content\/uploads\/sites\/5\/2023\/11\/discapacidad-elecciones.jpeg\" data-link=\"https:\/\/www.mendoza.gov.ar\/prensa\/?attachment_id=384520\" \/><\/a><\/figure>\n<\/figure>\n<p>Desde de la Direcci\u00f3n de Atenci\u00f3n a personas con discapacidad se hace hincapi\u00e9 en el voto asistido, que implica que toda persona con discapacidad puede ir con su acompa\u00f1ante para poder ejercer su voto y tener a alguien que lo asista y el presidente de mesa lo tiene que permitir, respetando el derecho de voto.<\/p>\n<p>Entre las 8 y las 16 del d\u00eda de los comicios, estar\u00e1 a disposici\u00f3n el Dispositivo de Comunicaci\u00f3n Accesible, del Consejo Provincial de la Persona con Discapacidad. Estar\u00e1n a disposici\u00f3n de quienes lo requieran 4 n\u00fameros para videollamadas:<\/p>\n<ul>\n<li>Ana Paula (asesora sorda): 261 5528301<\/li>\n<li>Javier (int\u00e9rprete LSA): 261 6889717<\/li>\n<li>Sandra (int\u00e9rprete LSA): 261 2112019<\/li>\n<li>Nancy (int\u00e9rprete LSA): 261 6755878<\/li>\n<\/ul>\n<p>La persona con discapacidad tiene derecho y est\u00e1 obligada a votar, pero desde el \u00e1rea anunciaron que hay casos espec\u00edficos en los que no se va a cobrar la multa por impedimento. Por eso se incentiva a la participaci\u00f3n ciudadana y a la posibilidad de elegir a qui\u00e9n los va a representar. Cabe destacar que, en nuestra provincia, hay cerca de 55 mil personas con discapacidad en condiciones de votar en las pr\u00f3ximas elecciones.<\/p>\n<h2>DIRECCI\u00d3N GENERAL DE ESCUELAS<\/h2>\n<p>Desde la cartera se garantizan las clases con normalidad. Para ello se ha activado un operativo, en el cual los celadores estar\u00e1n afectados a las 646 escuelas destinadas para las elecciones.<\/p>\n<p>Son 2.381 celadores que estar\u00e1n realizando tareas de higiene y limpieza, para que el martes 21 de noviembre haya clases con normalidad. La inversi\u00f3n para ello es de 43.800.000 pesos destinados al personal y tambi\u00e9n se les ha asignado a todas las escuelas un fondo de limpieza, con un monto de 9.690.000 pesos, manifest\u00f3 Patricio Cabral, jefe de Gabinete de la DGE.<\/p>\n<p>Esta medida comenz\u00f3 en 2017 y, desde entonces, no se pierde ese d\u00eda de clases posterior a las elecciones. De hecho, en 2023, debido al calendario electoral, que en total puede tener hasta siete actos eleccionarios, el servicio educativo se brinda con total normalidad cada lunes siguiente.<\/p>\n","protected":false},"excerpt":{"rendered":"<p>El pr\u00f3ximo domingo 19 se desarrollar\u00e1 la segunda vuelta de las elecciones a presidente y vice. En este contexto, el Gobierno &#8230;<\/p>\n","protected":false},"author":7,"featured_media":129491,"comment_status":"open","ping_status":"open","sticky":false,"template":"","format":"standard","meta":{"footnotes":""},"categories":[5,10],"tags":[],"class_list":["post-129490","post","type-post","status-publish","format-standard","has-post-thumbnail","hentry","category-actualidad","category-destacadas"],"_links":{"self":[{"href":"https:\/\/vinasfm.com\/noticias\/wp-json\/wp\/v2\/posts\/129490","targetHints":{"allow":["GET"]}}],"collection":[{"href":"https:\/\/vinasfm.com\/noticias\/wp-json\/wp\/v2\/posts"}],"about":[{"href":"https:\/\/vinasfm.com\/noticias\/wp-json\/wp\/v2\/types\/post"}],"author":[{"embeddable":true,"href":"https:\/\/vinasfm.com\/noticias\/wp-json\/wp\/v2\/users\/7"}],"replies":[{"embeddable":true,"href":"https:\/\/vinasfm.com\/noticias\/wp-json\/wp\/v2\/comments?post=129490"}],"version-history":[{"count":1,"href":"https:\/\/vinasfm.com\/noticias\/wp-json\/wp\/v2\/posts\/129490\/revisions"}],"predecessor-version":[{"id":129492,"href":"https:\/\/vinasfm.com\/noticias\/wp-json\/wp\/v2\/posts\/129490\/revisions\/129492"}],"wp:featuredmedia":[{"embeddable":true,"href":"https:\/\/vinasfm.com\/noticias\/wp-json\/wp\/v2\/media\/129491"}],"wp:attachment":[{"href":"https:\/\/vinasfm.com\/noticias\/wp-json\/wp\/v2\/media?parent=129490"}],"wp:term":[{"taxonomy":"category","embeddable":true,"href":"https:\/\/vinasfm.com\/noticias\/wp-json\/wp\/v2\/categories?post=129490"},{"taxonomy":"post_tag","embeddable":true,"href":"https:\/\/vinasfm.com\/noticias\/wp-json\/wp\/v2\/tags?post=129490"}],"curies":[{"name":"wp","href":"https:\/\/api.w.org\/{rel}","templated":true}]}}