{"id":129381,"date":"2023-11-13T10:23:05","date_gmt":"2023-11-13T13:23:05","guid":{"rendered":"https:\/\/vinasfm.com\/noticias\/?p=129381"},"modified":"2023-11-14T08:20:03","modified_gmt":"2023-11-14T11:20:03","slug":"extendieron-hasta-el-30-las-inscripciones-para-ingresar-al-instituto-universitario-de-seguridad-publica","status":"publish","type":"post","link":"https:\/\/vinasfm.com\/noticias\/extendieron-hasta-el-30-las-inscripciones-para-ingresar-al-instituto-universitario-de-seguridad-publica\/","title":{"rendered":"EXTENDIERON HASTA EL 30 LAS INSCRIPCIONES PARA INGRESAR AL INSTITUTO UNIVERSITARIO DE SEGURIDAD P\u00daBLICA"},"content":{"rendered":"<h4><strong>Fueron extendidas hasta el 30 de noviembre las inscripciones para la Tecnicatura Universitaria en Seguridad P\u00fablica y la Tecnicatura Universitaria en Seguridad Penitenciaria. Al respecto, dialog\u00f3 con los medios , Andrea Pelloni, delegada en la zona sur del Instituto Universitario de Seguridad P\u00fablica (IUSP).<\/strong><\/h4>\n<p>San Rafael cuenta con aulas donde puede estudiarse la Tecnicatura Universitaria en Seguridad P\u00fablica, y si bien no es as\u00ed respecto de la Tecnicatura Universitaria en Seguridad Penitenciaria, s\u00ed es una carrera que se puede cursar en Mendoza. En ambos casos, la inscripci\u00f3n se extendi\u00f3 hasta el 30 de noviembre.<\/p>\n<p><em><strong>\u201cTenemos un buen n\u00famero de aspirantes pero lo que ocurre es que hubo una apertura del curso de formaci\u00f3n profesional b\u00e1sica (que ha iniciado recientemente), y se superpuso al inicio de la oferta educativa excepcional, entonces, a los fines de poder generar la inscripci\u00f3n propia de la tecnicatura, desde la Direcci\u00f3n se decidi\u00f3 extender un mes m\u00e1s esta pre inscripci\u00f3n v\u00eda web, para as\u00ed ponernos a trabajar fuertemente con el ingreso a la carrera para todos aquellos que est\u00e9n interesados en ser oficiales de la Polic\u00eda de Mendoza\u201d<\/strong><\/em>, expres\u00f3 Pelloni.<\/p>\n<p>Terminada la formaci\u00f3n, los estudiantes egresan como oficial sub ayudante. <em><strong>\u201cEn los cursos de formaci\u00f3n profesional b\u00e1sica, est\u00e1 la jerarqu\u00eda de auxiliar, un curso gratamente iniciado hace algunas semanas, y estamos trabajando en las preinscripciones de los que quedaron en lista de espera para el pr\u00f3ximo curso. Ahora fuertemente nos estamos abocando a la preinscripci\u00f3n a la tecnicatura, es decir, para el ciclo acad\u00e9mico 2024-2025\u201d<\/strong><\/em>, observ\u00f3.<\/p>\n<p>Algo que destac\u00f3 la delegada es que es bastante alto el inter\u00e9s de los j\u00f3venes por el ingreso a la Polic\u00eda, es un stand muy visitado en las ofertas educativas. Aclar\u00f3 que igualmente, m\u00e1s all\u00e1 de lo que se les pueda mostrar, se los invita a los posibles aspirantes a conocer la sede del IUSP.<\/p>\n<p>Los interesados en conocer m\u00e1s (o en preinscribirse), pueden ingresar a <span style=\"color: #0000ff;\"><strong>www.iusp.uncuyo.edu.ar.<\/strong><\/span><\/p>\n","protected":false},"excerpt":{"rendered":"<p>Fueron extendidas hasta el 30 de noviembre las inscripciones para la Tecnicatura Universitaria en Seguridad P\u00fablica y la Tecnicatura Universitaria en &#8230;<\/p>\n","protected":false},"author":7,"featured_media":129384,"comment_status":"open","ping_status":"open","sticky":false,"template":"","format":"standard","meta":{"footnotes":""},"categories":[5,18],"tags":[],"class_list":["post-129381","post","type-post","status-publish","format-standard","has-post-thumbnail","hentry","category-actualidad","category-educacion"],"_links":{"self":[{"href":"https:\/\/vinasfm.com\/noticias\/wp-json\/wp\/v2\/posts\/129381","targetHints":{"allow":["GET"]}}],"collection":[{"href":"https:\/\/vinasfm.com\/noticias\/wp-json\/wp\/v2\/posts"}],"about":[{"href":"https:\/\/vinasfm.com\/noticias\/wp-json\/wp\/v2\/types\/post"}],"author":[{"embeddable":true,"href":"https:\/\/vinasfm.com\/noticias\/wp-json\/wp\/v2\/users\/7"}],"replies":[{"embeddable":true,"href":"https:\/\/vinasfm.com\/noticias\/wp-json\/wp\/v2\/comments?post=129381"}],"version-history":[{"count":1,"href":"https:\/\/vinasfm.com\/noticias\/wp-json\/wp\/v2\/posts\/129381\/revisions"}],"predecessor-version":[{"id":129385,"href":"https:\/\/vinasfm.com\/noticias\/wp-json\/wp\/v2\/posts\/129381\/revisions\/129385"}],"wp:featuredmedia":[{"embeddable":true,"href":"https:\/\/vinasfm.com\/noticias\/wp-json\/wp\/v2\/media\/129384"}],"wp:attachment":[{"href":"https:\/\/vinasfm.com\/noticias\/wp-json\/wp\/v2\/media?parent=129381"}],"wp:term":[{"taxonomy":"category","embeddable":true,"href":"https:\/\/vinasfm.com\/noticias\/wp-json\/wp\/v2\/categories?post=129381"},{"taxonomy":"post_tag","embeddable":true,"href":"https:\/\/vinasfm.com\/noticias\/wp-json\/wp\/v2\/tags?post=129381"}],"curies":[{"name":"wp","href":"https:\/\/api.w.org\/{rel}","templated":true}]}}