{"id":129380,"date":"2023-11-13T10:19:03","date_gmt":"2023-11-13T13:19:03","guid":{"rendered":"https:\/\/vinasfm.com\/noticias\/?p=129380"},"modified":"2023-11-14T08:19:37","modified_gmt":"2023-11-14T11:19:37","slug":"los-bioquimicos-en-mendoza-tambien-cobraran-un-copago","status":"publish","type":"post","link":"https:\/\/vinasfm.com\/noticias\/los-bioquimicos-en-mendoza-tambien-cobraran-un-copago\/","title":{"rendered":"LOS BIOQU\u00cdMICOS EN MENDOZA TAMBI\u00c9N COBRAR\u00c1N UN COPAGO"},"content":{"rendered":"<p><strong>Se trata de una medida a nivel nacional, que la asociaci\u00f3n provincial acat\u00f3. C\u00f3mo ser\u00e1 la aplicaci\u00f3n.<\/strong><\/p>\n<p>Los<strong>\u00a0bioqu\u00edmicos de Mendoza\u00a0<\/strong>comunicaron este lunes que finalmente comenzar\u00e1n a cobrar un copago a los afiliados de obras sociales y prepagas.<\/p>\n<p>Este conflicto con las empresas prestadoras se arrastra desde hace varios meses y los que dieron el puntapi\u00e9 inicial fueron los m\u00e9dicos de la provincia, quienes a partir de la formaci\u00f3n de la\u00a0<strong>Mesa de Salud<\/strong>\u00a0(que nuclea a m\u00e1s de 60 especialidades), se plantaron frente a lo que calificaron como \u201cbaja remuneraci\u00f3n\u201d de las prepagas por cada consulta y las presuntas demoras para cancelar los pagos, que en muchos casos exced\u00eda los 90 d\u00edas.<\/p>\n<p>Frente a este contexto, la\u00a0<strong>Confederaci\u00f3n Unificada Bioqu\u00edmica de la Rep\u00fablica Argentina<\/strong>\u00a0(CUBRA) advirti\u00f3 la semana pasada que, de no llegar a un acuerdo con las prestadoras, los bioqu\u00edmicos tambi\u00e9n cobrar\u00edan un copago a los afiliados de la salud privada.<\/p>\n<p>Gustavo Yapur, presidente de la\u00a0Asociaci\u00f3n Bioqu\u00edmica de Mendoza, inform\u00f3 que desde este lunes los afiliados que tengan prepaga u obra social deber\u00e1n abonar el valor del copago, que es de $4.000 m\u00e1s IVA ($4.840 en total).<\/p>\n<p>Se trata de una tarifa \u00fanica, sin importar qu\u00e9 tipo de servicio requiera el paciente.\u00a0Los \u00fanicos que quedan exentos son los afiliados de PAMI y OSEP.<\/p>\n<p><em><strong>\u201cEs un copago transitorio porque estamos en continua negociaci\u00f3n con las prepagas y obras sociales para llegar a un acuerdo y que el paciente no tenga que pagar esta diferencia\u201d<\/strong>,<\/em>\u00a0explic\u00f3 Yapur, quien se mostr\u00f3 esperanzado en acercarse a un resultado positivo al final de esta semana.<\/p>\n<h2 id=\"h-que-debe-hacer-el-paciente\" class=\"wp-block-heading\">Qu\u00e9 debe hacer el paciente<\/h2>\n<p>Frente al reclamo de bioqu\u00edmicos y la obligatoriedad de un pago extra para poder acceder a ex\u00e1menes de laboratorio, los pacientes podr\u00e1n pedir un comprobante para presentar en la prepaga u obra social para un eventual reintegro.<\/p>\n<p>Ante esto, Yapur expuso:\u00a0<strong><em>\u201cTodos pueden pedir una factura que certifique el pago y luego pedir el reintegro. Puede que las empresas luego nos debiten a nosotros esos montos, pero entendemos que el paciente tiene derecho a esa devoluci\u00f3n\u201d.<\/em><\/strong><\/p>\n<p>El pago de los casi 5 mil pesos se podr\u00e1 hacer, dependiendo cada laboratorio, en efectivo, transferencia o Mercado Pago, informaron.<\/p>\n<h2>El listado de prepagas y obras sociales que deber\u00e1n pagar copago<\/h2>\n<ul>\n<li>ACA Salud- Avalian<\/li>\n<li>APSOT<\/li>\n<li>BRAMED<\/li>\n<li>Caja Forense<\/li>\n<li>Damsu<\/li>\n<li>Florentino Ameghino<\/li>\n<li>Federada Salud<\/li>\n<li>Galeno<\/li>\n<li>HOPE<\/li>\n<li>Luis Pasteur<\/li>\n<li>Medicus<\/li>\n<li>Medife<\/li>\n<li>Omint<\/li>\n<li>Osde<\/li>\n<li>OSEIV<\/li>\n<li>OSPE<\/li>\n<li>OSSACRA<\/li>\n<li>Prevenci\u00f3n Salud<\/li>\n<li>Roisa<\/li>\n<li>Sancor Salud<\/li>\n<li>Seguros y reasegurados<\/li>\n<li>Swiss Medical<\/li>\n<li>TV Salud<\/li>\n<li>Uni\u00f3n Personal<\/li>\n<\/ul>\n","protected":false},"excerpt":{"rendered":"<p>Se trata de una medida a nivel nacional, que la asociaci\u00f3n provincial acat\u00f3. C\u00f3mo ser\u00e1 la aplicaci\u00f3n. Los\u00a0bioqu\u00edmicos de Mendoza\u00a0comunicaron este &#8230;<\/p>\n","protected":false},"author":7,"featured_media":129382,"comment_status":"open","ping_status":"open","sticky":false,"template":"","format":"standard","meta":{"footnotes":""},"categories":[5,15],"tags":[],"class_list":["post-129380","post","type-post","status-publish","format-standard","has-post-thumbnail","hentry","category-actualidad","category-salud"],"_links":{"self":[{"href":"https:\/\/vinasfm.com\/noticias\/wp-json\/wp\/v2\/posts\/129380","targetHints":{"allow":["GET"]}}],"collection":[{"href":"https:\/\/vinasfm.com\/noticias\/wp-json\/wp\/v2\/posts"}],"about":[{"href":"https:\/\/vinasfm.com\/noticias\/wp-json\/wp\/v2\/types\/post"}],"author":[{"embeddable":true,"href":"https:\/\/vinasfm.com\/noticias\/wp-json\/wp\/v2\/users\/7"}],"replies":[{"embeddable":true,"href":"https:\/\/vinasfm.com\/noticias\/wp-json\/wp\/v2\/comments?post=129380"}],"version-history":[{"count":2,"href":"https:\/\/vinasfm.com\/noticias\/wp-json\/wp\/v2\/posts\/129380\/revisions"}],"predecessor-version":[{"id":129401,"href":"https:\/\/vinasfm.com\/noticias\/wp-json\/wp\/v2\/posts\/129380\/revisions\/129401"}],"wp:featuredmedia":[{"embeddable":true,"href":"https:\/\/vinasfm.com\/noticias\/wp-json\/wp\/v2\/media\/129382"}],"wp:attachment":[{"href":"https:\/\/vinasfm.com\/noticias\/wp-json\/wp\/v2\/media?parent=129380"}],"wp:term":[{"taxonomy":"category","embeddable":true,"href":"https:\/\/vinasfm.com\/noticias\/wp-json\/wp\/v2\/categories?post=129380"},{"taxonomy":"post_tag","embeddable":true,"href":"https:\/\/vinasfm.com\/noticias\/wp-json\/wp\/v2\/tags?post=129380"}],"curies":[{"name":"wp","href":"https:\/\/api.w.org\/{rel}","templated":true}]}}