{"id":129354,"date":"2023-11-13T08:51:45","date_gmt":"2023-11-13T11:51:45","guid":{"rendered":"https:\/\/vinasfm.com\/noticias\/?p=129354"},"modified":"2023-11-13T10:32:19","modified_gmt":"2023-11-13T13:32:19","slug":"cecilia-seniuk-continuara-siendo-la-delegada-de-bowen","status":"publish","type":"post","link":"https:\/\/vinasfm.com\/noticias\/cecilia-seniuk-continuara-siendo-la-delegada-de-bowen\/","title":{"rendered":"CECILIA SENIUK CONTINUAR\u00c1 SIENDO LA DELEGADA DE BOWEN"},"content":{"rendered":"<p><strong><span style=\"color: #000000;\">Como propuesta de campa\u00f1a del Intendente Electo, Alejandro Molero, los bowenses pudieron elegir a quien ser\u00e1 su nuevo Delegado.<\/span><\/strong><\/p>\n<p><span style=\"color: #000000;\">Desde las 08:00 hs, del d\u00eda domingo, los vecinos de Bowen comenzaron a llegar al Tecno Sum a sufragar en una elecci\u00f3n sin precedentes en la cual debieron decidir entre <strong>Cecilia Seniuk, Luis Gergeluk y Sergio Gatica<\/strong>. De los 1290 bowenses que votaron en la elecci\u00f3n de Delegado de Bowen este domingo,<strong> m\u00e1s del 50% opt\u00f3 por Seniuk.<\/strong><\/span><\/p>\n<p><span style=\"color: #000000;\">La ahora Delegada Electa ingres\u00f3 al cargo a mediados del 2023 luedo que la hasta ese entonces Delegada, Eliana Manzano, decidiera dejar el cargo. Junto a Seniuk, <strong>son 3 mujeres quienes estar\u00e1n al frente de los distritos de General Alvear: Norma Acosta (Carmensa) y Jimena Garc\u00eda (Oeste).\u00a0<\/strong><\/span><\/p>\n<h2>Escrutinio<\/h2>\n<div dir=\"auto\"><strong><span style=\"color: #000000;\">Cecilia Seniuk: 693 votos<\/span><\/strong><\/div>\n<div dir=\"auto\"><span style=\"color: #000000;\">Luis Gergeluk: 487 votos<\/span><\/div>\n<div dir=\"auto\"><span style=\"color: #000000;\">Sergio Gatica: 107 votos<\/span><\/div>\n<div dir=\"auto\"><span style=\"color: #000000;\">Blanco: 2 votos<\/span><\/div>\n<div dir=\"auto\"><span style=\"color: #000000;\">Impugnados: 1<\/span><\/div>\n<div dir=\"auto\"><img loading=\"lazy\" decoding=\"async\" class=\"\" src=\"https:\/\/scontent.fmdz1-1.fna.fbcdn.net\/v\/t39.30808-6\/397843172_326498410130020_4544986151101116063_n.jpg?_nc_cat=102&amp;ccb=1-7&amp;_nc_sid=5f2048&amp;_nc_ohc=CIRd0hu8CKQAX-JkH0d&amp;_nc_ht=scontent.fmdz1-1.fna&amp;oh=00_AfDotnV24B65j2_p6cY5Picl9YYKUzH_7TULCxLJ70gAdQ&amp;oe=6557C9FF\" alt=\"Puede ser una imagen de 19 personas y texto\" width=\"500\" height=\"225\" \/><\/div>\n","protected":false},"excerpt":{"rendered":"<p>Como propuesta de campa\u00f1a del Intendente Electo, Alejandro Molero, los bowenses pudieron elegir a quien ser\u00e1 su nuevo Delegado. Desde las &#8230;<\/p>\n","protected":false},"author":7,"featured_media":129357,"comment_status":"open","ping_status":"open","sticky":false,"template":"","format":"standard","meta":{"footnotes":""},"categories":[5,7],"tags":[],"class_list":["post-129354","post","type-post","status-publish","format-standard","has-post-thumbnail","hentry","category-actualidad","category-politica"],"_links":{"self":[{"href":"https:\/\/vinasfm.com\/noticias\/wp-json\/wp\/v2\/posts\/129354","targetHints":{"allow":["GET"]}}],"collection":[{"href":"https:\/\/vinasfm.com\/noticias\/wp-json\/wp\/v2\/posts"}],"about":[{"href":"https:\/\/vinasfm.com\/noticias\/wp-json\/wp\/v2\/types\/post"}],"author":[{"embeddable":true,"href":"https:\/\/vinasfm.com\/noticias\/wp-json\/wp\/v2\/users\/7"}],"replies":[{"embeddable":true,"href":"https:\/\/vinasfm.com\/noticias\/wp-json\/wp\/v2\/comments?post=129354"}],"version-history":[{"count":1,"href":"https:\/\/vinasfm.com\/noticias\/wp-json\/wp\/v2\/posts\/129354\/revisions"}],"predecessor-version":[{"id":129358,"href":"https:\/\/vinasfm.com\/noticias\/wp-json\/wp\/v2\/posts\/129354\/revisions\/129358"}],"wp:featuredmedia":[{"embeddable":true,"href":"https:\/\/vinasfm.com\/noticias\/wp-json\/wp\/v2\/media\/129357"}],"wp:attachment":[{"href":"https:\/\/vinasfm.com\/noticias\/wp-json\/wp\/v2\/media?parent=129354"}],"wp:term":[{"taxonomy":"category","embeddable":true,"href":"https:\/\/vinasfm.com\/noticias\/wp-json\/wp\/v2\/categories?post=129354"},{"taxonomy":"post_tag","embeddable":true,"href":"https:\/\/vinasfm.com\/noticias\/wp-json\/wp\/v2\/tags?post=129354"}],"curies":[{"name":"wp","href":"https:\/\/api.w.org\/{rel}","templated":true}]}}