{"id":129334,"date":"2023-11-11T10:18:35","date_gmt":"2023-11-11T13:18:35","guid":{"rendered":"https:\/\/vinasfm.com\/noticias\/?p=129334"},"modified":"2023-11-13T08:10:46","modified_gmt":"2023-11-13T11:10:46","slug":"tenes-planes-para-el-fin-de-semana-agenda-cultural-14","status":"publish","type":"post","link":"https:\/\/vinasfm.com\/noticias\/tenes-planes-para-el-fin-de-semana-agenda-cultural-14\/","title":{"rendered":"\u00bfTENES PLANES PARA EL FIN DE SEMANA? AGENDA CULTURAL"},"content":{"rendered":"<p><span style=\"color: #000000;\"><strong>General Alvear invita a participar de distintas actividades organizadas para este fin de semana.<\/strong><\/span><\/p>\n<h2><span style=\"color: #000000;\">S\u00e1bado11 de noviembre<\/span><\/h2>\n<h3><span style=\"color: #000000;\">Actividad\u00a0<\/span><\/h3>\n<ul>\n<li><span style=\"color: #000000;\">10:30 a 12:30 hs Encuentro Mini V\u00f3ley Agust\u00edn Loser 1\u00b0 edici\u00f3n, en Polideportivo Deportistas Alvearenses.<\/span><\/li>\n<li><span style=\"color: #000000;\">20:00 hs XXVIII edici\u00f3n de Evinsur en Paso a Nivel.<\/span><\/li>\n<\/ul>\n<p><a href=\"https:\/\/vinasfm.com\/noticias\/wp-content\/uploads\/2023\/11\/89d2529a-bcf9-4f51-9654-f63605ad5fef.jpg\"><img loading=\"lazy\" decoding=\"async\" class=\"alignnone wp-image-129335\" src=\"https:\/\/vinasfm.com\/noticias\/wp-content\/uploads\/2023\/11\/89d2529a-bcf9-4f51-9654-f63605ad5fef-1024x1014.jpg\" alt=\"\" width=\"400\" height=\"396\" srcset=\"https:\/\/vinasfm.com\/noticias\/wp-content\/uploads\/2023\/11\/89d2529a-bcf9-4f51-9654-f63605ad5fef-1024x1014.jpg 1024w, https:\/\/vinasfm.com\/noticias\/wp-content\/uploads\/2023\/11\/89d2529a-bcf9-4f51-9654-f63605ad5fef-300x297.jpg 300w, https:\/\/vinasfm.com\/noticias\/wp-content\/uploads\/2023\/11\/89d2529a-bcf9-4f51-9654-f63605ad5fef-150x150.jpg 150w, https:\/\/vinasfm.com\/noticias\/wp-content\/uploads\/2023\/11\/89d2529a-bcf9-4f51-9654-f63605ad5fef-768x761.jpg 768w, https:\/\/vinasfm.com\/noticias\/wp-content\/uploads\/2023\/11\/89d2529a-bcf9-4f51-9654-f63605ad5fef-1536x1522.jpg 1536w, https:\/\/vinasfm.com\/noticias\/wp-content\/uploads\/2023\/11\/89d2529a-bcf9-4f51-9654-f63605ad5fef.jpg 1600w\" sizes=\"auto, (max-width: 400px) 100vw, 400px\" \/><\/a><\/p>\n<ul>\n<li><span style=\"color: #000000;\">21:30 hs Funci\u00f3n de Ballet La Flor M\u00e1s Bella, de Escuela de danzas cl\u00e1sicas Pierrot, por la paz, el amor y la esperanza en el mundo en Teatro Antonio Lafalla. Venta por Boleter\u00eda y web https:\/\/cineteatrolafalla.alvearmendoza.gob.ar\/<\/span><\/li>\n<li><span style=\"color: #000000;\">21:30 hs XXXIV Festival departamental de la Tradici\u00f3n en Club Uni\u00f3n Social y Deportiva Bowen, organizado por la Escuela N\u00b0 4-099 Jos\u00e9 Hern\u00e1ndez. En danzas participar\u00e1 la Academia Huellas de Tradici\u00f3n, Academia Sembrando Stylo, Grupo folcl\u00f3rico Cosechando Tradiciones de la comuna San Bernardo de Chile y grupos de alumnos de segundo y cuarto a\u00f1o. Entre los solistas y grupos folcl\u00f3ricos: Los Huarpes, El Payador del Atuel, Guardamontes, Cintia Mur, Feso Pinto, alumnos de la Escuela Alberto William y el payador Yair Assan. El servicio de cantina incluye empanadas y pasteles, choripanes, panchos y bebidas. El valor de las entradas para mayores $1.000, menores hasta 12 a\u00f1os $500.<\/span><\/li>\n<\/ul>\n<p><a href=\"https:\/\/vinasfm.com\/noticias\/wp-content\/uploads\/2023\/11\/WhatsApp-Image-2023-11-09-at-10.54.28.jpeg\"><img loading=\"lazy\" decoding=\"async\" class=\"alignnone wp-image-129336\" src=\"https:\/\/vinasfm.com\/noticias\/wp-content\/uploads\/2023\/11\/WhatsApp-Image-2023-11-09-at-10.54.28-576x1024.jpeg\" alt=\"\" width=\"400\" height=\"711\" srcset=\"https:\/\/vinasfm.com\/noticias\/wp-content\/uploads\/2023\/11\/WhatsApp-Image-2023-11-09-at-10.54.28-576x1024.jpeg 576w, https:\/\/vinasfm.com\/noticias\/wp-content\/uploads\/2023\/11\/WhatsApp-Image-2023-11-09-at-10.54.28-169x300.jpeg 169w, https:\/\/vinasfm.com\/noticias\/wp-content\/uploads\/2023\/11\/WhatsApp-Image-2023-11-09-at-10.54.28-768x1366.jpeg 768w, https:\/\/vinasfm.com\/noticias\/wp-content\/uploads\/2023\/11\/WhatsApp-Image-2023-11-09-at-10.54.28-864x1536.jpeg 864w, https:\/\/vinasfm.com\/noticias\/wp-content\/uploads\/2023\/11\/WhatsApp-Image-2023-11-09-at-10.54.28.jpeg 899w\" sizes=\"auto, (max-width: 400px) 100vw, 400px\" \/><\/a><\/p>\n<h2><span style=\"color: #000000;\">Domingo 12 de noviembre<\/span><\/h2>\n<p><span style=\"color: #000000;\">&#8211; D\u00eda mundial de la Osteoporosis<\/span><br \/>\n<span style=\"color: #000000;\">&#8211; D\u00eda mundial contra la Neumon\u00eda<\/span><br \/>\n<span style=\"color: #000000;\">&#8211; D\u00eda mundial del champagne<\/span><\/p>\n<h3><span style=\"color: #000000;\">Actividad\u00a0<\/span><\/h3>\n<ul>\n<li><span style=\"color: #000000;\">18:00 hs Cierre de talleres municipales de Alvear Oeste y Ciudad en Plaza Manuel Belgrano. Muestra de trabajos realizados, entrega de certificados, espect\u00e1culos art\u00edsticos.<\/span><\/li>\n<li><span style=\"color: #000000;\">20:30 hs XI Desfile In Out Pasarela en Ugacoop, las alumnas de la Tecnicatura superior en Dise\u00f1o de Indumentaria presentar\u00e1n las prendas elaboradas durante el a\u00f1o, sobre la tem\u00e1tica culturas del mundo.<\/span><\/li>\n<\/ul>\n","protected":false},"excerpt":{"rendered":"<p>General Alvear invita a participar de distintas actividades organizadas para este fin de semana. S\u00e1bado11 de noviembre Actividad\u00a0 10:30 a 12:30 &#8230;<\/p>\n","protected":false},"author":7,"featured_media":129337,"comment_status":"open","ping_status":"open","sticky":false,"template":"","format":"standard","meta":{"footnotes":""},"categories":[1],"tags":[],"class_list":["post-129334","post","type-post","status-publish","format-standard","has-post-thumbnail","hentry","category-fmvinas"],"_links":{"self":[{"href":"https:\/\/vinasfm.com\/noticias\/wp-json\/wp\/v2\/posts\/129334","targetHints":{"allow":["GET"]}}],"collection":[{"href":"https:\/\/vinasfm.com\/noticias\/wp-json\/wp\/v2\/posts"}],"about":[{"href":"https:\/\/vinasfm.com\/noticias\/wp-json\/wp\/v2\/types\/post"}],"author":[{"embeddable":true,"href":"https:\/\/vinasfm.com\/noticias\/wp-json\/wp\/v2\/users\/7"}],"replies":[{"embeddable":true,"href":"https:\/\/vinasfm.com\/noticias\/wp-json\/wp\/v2\/comments?post=129334"}],"version-history":[{"count":1,"href":"https:\/\/vinasfm.com\/noticias\/wp-json\/wp\/v2\/posts\/129334\/revisions"}],"predecessor-version":[{"id":129338,"href":"https:\/\/vinasfm.com\/noticias\/wp-json\/wp\/v2\/posts\/129334\/revisions\/129338"}],"wp:featuredmedia":[{"embeddable":true,"href":"https:\/\/vinasfm.com\/noticias\/wp-json\/wp\/v2\/media\/129337"}],"wp:attachment":[{"href":"https:\/\/vinasfm.com\/noticias\/wp-json\/wp\/v2\/media?parent=129334"}],"wp:term":[{"taxonomy":"category","embeddable":true,"href":"https:\/\/vinasfm.com\/noticias\/wp-json\/wp\/v2\/categories?post=129334"},{"taxonomy":"post_tag","embeddable":true,"href":"https:\/\/vinasfm.com\/noticias\/wp-json\/wp\/v2\/tags?post=129334"}],"curies":[{"name":"wp","href":"https:\/\/api.w.org\/{rel}","templated":true}]}}