{"id":129320,"date":"2023-11-11T09:14:04","date_gmt":"2023-11-11T12:14:04","guid":{"rendered":"https:\/\/vinasfm.com\/noticias\/?p=129320"},"modified":"2023-11-13T08:57:43","modified_gmt":"2023-11-13T11:57:43","slug":"una-tormenta-causo-estragos-en-malargue","status":"publish","type":"post","link":"https:\/\/vinasfm.com\/noticias\/una-tormenta-causo-estragos-en-malargue\/","title":{"rendered":"UNA TORMENTA CAUS\u00d3 ESTRAGOS EN MALARG\u00dcE"},"content":{"rendered":"<p style=\"text-align: left;\"><strong>Durante la tarde el viernes, una gran tormenta de viento caus\u00f3 da\u00f1os en distintos puntos del departamento sure\u00f1o.<\/strong><\/p>\n<p style=\"text-align: left;\">\u00c1rboles ca\u00eddos, techos volados, postes derribados y cables el\u00e9ctricos en el piso son parte de la contingencia. Cientos de hogares se quedaron sin luz. Las instituciones no dan a basto a tanta demanda de auxilio, en especial por el gran n\u00famero de calles cortadas por forestales ca\u00eddos.<\/p>\n<p><a href=\"https:\/\/vinasfm.com\/noticias\/wp-content\/uploads\/2023\/11\/IMG-20231110-WA0063-scaled.jpg\"><img loading=\"lazy\" decoding=\"async\" class=\"alignnone size-medium wp-image-129322\" src=\"https:\/\/vinasfm.com\/noticias\/wp-content\/uploads\/2023\/11\/IMG-20231110-WA0063-225x300.jpg\" alt=\"\" width=\"225\" height=\"300\" srcset=\"https:\/\/vinasfm.com\/noticias\/wp-content\/uploads\/2023\/11\/IMG-20231110-WA0063-225x300.jpg 225w, https:\/\/vinasfm.com\/noticias\/wp-content\/uploads\/2023\/11\/IMG-20231110-WA0063-768x1024.jpg 768w, https:\/\/vinasfm.com\/noticias\/wp-content\/uploads\/2023\/11\/IMG-20231110-WA0063-1152x1536.jpg 1152w, https:\/\/vinasfm.com\/noticias\/wp-content\/uploads\/2023\/11\/IMG-20231110-WA0063-1536x2048.jpg 1536w, https:\/\/vinasfm.com\/noticias\/wp-content\/uploads\/2023\/11\/IMG-20231110-WA0063-scaled.jpg 1920w\" sizes=\"auto, (max-width: 225px) 100vw, 225px\" \/><\/a><\/p>\n<p><a href=\"https:\/\/vinasfm.com\/noticias\/wp-content\/uploads\/2023\/11\/IMG-20231110-WA0065.jpg\"><img loading=\"lazy\" decoding=\"async\" class=\"alignnone size-medium wp-image-129321\" src=\"https:\/\/vinasfm.com\/noticias\/wp-content\/uploads\/2023\/11\/IMG-20231110-WA0065-185x300.jpg\" alt=\"\" width=\"185\" height=\"300\" srcset=\"https:\/\/vinasfm.com\/noticias\/wp-content\/uploads\/2023\/11\/IMG-20231110-WA0065-185x300.jpg 185w, https:\/\/vinasfm.com\/noticias\/wp-content\/uploads\/2023\/11\/IMG-20231110-WA0065-630x1024.jpg 630w, https:\/\/vinasfm.com\/noticias\/wp-content\/uploads\/2023\/11\/IMG-20231110-WA0065.jpg 720w\" sizes=\"auto, (max-width: 185px) 100vw, 185px\" \/><\/a><\/p>\n","protected":false},"excerpt":{"rendered":"<p>Durante la tarde el viernes, una gran tormenta de viento caus\u00f3 da\u00f1os en distintos puntos del departamento sure\u00f1o. \u00c1rboles ca\u00eddos, techos &#8230;<\/p>\n","protected":false},"author":7,"featured_media":129323,"comment_status":"open","ping_status":"open","sticky":false,"template":"","format":"standard","meta":{"footnotes":""},"categories":[5,10],"tags":[],"class_list":["post-129320","post","type-post","status-publish","format-standard","has-post-thumbnail","hentry","category-actualidad","category-destacadas"],"_links":{"self":[{"href":"https:\/\/vinasfm.com\/noticias\/wp-json\/wp\/v2\/posts\/129320","targetHints":{"allow":["GET"]}}],"collection":[{"href":"https:\/\/vinasfm.com\/noticias\/wp-json\/wp\/v2\/posts"}],"about":[{"href":"https:\/\/vinasfm.com\/noticias\/wp-json\/wp\/v2\/types\/post"}],"author":[{"embeddable":true,"href":"https:\/\/vinasfm.com\/noticias\/wp-json\/wp\/v2\/users\/7"}],"replies":[{"embeddable":true,"href":"https:\/\/vinasfm.com\/noticias\/wp-json\/wp\/v2\/comments?post=129320"}],"version-history":[{"count":1,"href":"https:\/\/vinasfm.com\/noticias\/wp-json\/wp\/v2\/posts\/129320\/revisions"}],"predecessor-version":[{"id":129324,"href":"https:\/\/vinasfm.com\/noticias\/wp-json\/wp\/v2\/posts\/129320\/revisions\/129324"}],"wp:featuredmedia":[{"embeddable":true,"href":"https:\/\/vinasfm.com\/noticias\/wp-json\/wp\/v2\/media\/129323"}],"wp:attachment":[{"href":"https:\/\/vinasfm.com\/noticias\/wp-json\/wp\/v2\/media?parent=129320"}],"wp:term":[{"taxonomy":"category","embeddable":true,"href":"https:\/\/vinasfm.com\/noticias\/wp-json\/wp\/v2\/categories?post=129320"},{"taxonomy":"post_tag","embeddable":true,"href":"https:\/\/vinasfm.com\/noticias\/wp-json\/wp\/v2\/tags?post=129320"}],"curies":[{"name":"wp","href":"https:\/\/api.w.org\/{rel}","templated":true}]}}