{"id":129302,"date":"2023-11-10T11:21:03","date_gmt":"2023-11-10T14:21:03","guid":{"rendered":"https:\/\/vinasfm.com\/noticias\/?p=129302"},"modified":"2023-11-11T10:21:30","modified_gmt":"2023-11-11T13:21:30","slug":"nueva-audiencia-publica-por-el-valor-de-la-tarifa-del-agua-cuanto-pide-aysam","status":"publish","type":"post","link":"https:\/\/vinasfm.com\/noticias\/nueva-audiencia-publica-por-el-valor-de-la-tarifa-del-agua-cuanto-pide-aysam\/","title":{"rendered":"NUEVA AUDIENCIA P\u00daBLICA POR EL VALOR DE LA TARIFA DEL AGUA: CU\u00c1NTO PIDE AYSAM"},"content":{"rendered":"<p><span style=\"color: #000000;\"><strong>El Ente Provincial de Agua y Saneamiento (EPAS), a trav\u00e9s de la resoluci\u00f3n 62\/2023 convoc\u00f3 para el martes 21 de noviembre a las 9.30 horas a una audiencia p\u00fablica para definir el pr\u00f3ximo aumento tarifario del servicio de agua en Mendoza. <\/strong><\/span><\/p>\n<p><span style=\"color: #000000;\">El encuentro tendr\u00e1 un formato mixto (presencial en la Biblioteca Manuel Belgrano, de Godoy Cruz, y virtual a trav\u00e9s de la plataforma Zoom. En ese sentido, la empresa de Agua y Saneamiento Mendoza (Aysam) ya present\u00f3 sus estudios de costos y propuestas de readecuaci\u00f3n tarifaria correspondiente a los \u00faltimos meses de este a\u00f1o y de todo el 2024.<\/span><\/p>\n<p><span style=\"color: #000000;\"><em><strong>\u00abEstamos solicitando una revisi\u00f3n tarifaria, sobre todo por el contexto inflacionario que estamos viviendo en Argentina. De acuerdo a los par\u00e1metros del Banco Central, se estim\u00f3 una pauta inflacionaria para este a\u00f1o del 170%, con lo cual la adecuaci\u00f3n tarifaria que se aplic\u00f3 durante el 2023 ha sido insuficiente. Como estamos llegando a fin de a\u00f1o con un d\u00e9ficit de caja importante, se pidi\u00f3 un aumento del 46% para el \u00faltimo tramo del 2023\u00bb<\/strong><\/em>, confirm\u00f3 Juan Pablo Eraso, director de AySaM.<\/span><\/p>\n<p><span style=\"color: #000000;\"><em><strong>\u00abTambi\u00e9n hicimos una visi\u00f3n presupuestaria para el 2024, y en virtud de las expectativas en cuanto a la inflaci\u00f3n solicitamos que se vaya ajustando la tarifa de forma bimestral. El incremento acumulado en 2023 es del 79,11%, si se otorga el aumento que pedimos del 46%\u00bb<\/strong><\/em>, aclar\u00f3.<\/span><\/p>\n<p><span style=\"color: #000000;\"><em><strong>\u00abNuestro presupuesto se presenta al EPAS, que es el ente de control y quien analiza los n\u00fameros mediante una audiencia p\u00fablica. De la misma pueden participar los usuarios y las ONG. All\u00ed se explican los motivos por los cuales se realiza este pedido. El EPAS es el encargado de determinar si se aprueba ese aumento o uno menor\u00bb<\/strong><\/em>, a\u00f1adi\u00f3.<\/span><\/p>\n<p><span style=\"color: #000000;\">Luego, explic\u00f3 los gastos que tiene AySaM para fundamentar la actualizaci\u00f3n tarifaria. <em><strong>\u00abLos gastos operativos de la empresa son varios. Por un lado, est\u00e1 el tema de los gastos de los recursos humanos, los insumos y la energ\u00eda el\u00e9ctrica que usamos mucho, ya que gran parte de nuestras plantas y perforaciones funcionan gracias a ese suministro. A eso hay que sumarle el equipamiento que se adquiri\u00f3. Todo esto se puede realizar y afrontar con el ajuste de las tarifas. EPAS y el Ejecutivo han ido acompa\u00f1ando nuestras peticiones sobre este tema\u00bb<\/strong><\/em>, argument\u00f3 Eraso.<\/span><\/p>\n","protected":false},"excerpt":{"rendered":"<p>El Ente Provincial de Agua y Saneamiento (EPAS), a trav\u00e9s de la resoluci\u00f3n 62\/2023 convoc\u00f3 para el martes 21 de noviembre &#8230;<\/p>\n","protected":false},"author":7,"featured_media":129303,"comment_status":"open","ping_status":"open","sticky":false,"template":"","format":"standard","meta":{"footnotes":""},"categories":[5,169],"tags":[],"class_list":["post-129302","post","type-post","status-publish","format-standard","has-post-thumbnail","hentry","category-actualidad","category-aumentos"],"_links":{"self":[{"href":"https:\/\/vinasfm.com\/noticias\/wp-json\/wp\/v2\/posts\/129302","targetHints":{"allow":["GET"]}}],"collection":[{"href":"https:\/\/vinasfm.com\/noticias\/wp-json\/wp\/v2\/posts"}],"about":[{"href":"https:\/\/vinasfm.com\/noticias\/wp-json\/wp\/v2\/types\/post"}],"author":[{"embeddable":true,"href":"https:\/\/vinasfm.com\/noticias\/wp-json\/wp\/v2\/users\/7"}],"replies":[{"embeddable":true,"href":"https:\/\/vinasfm.com\/noticias\/wp-json\/wp\/v2\/comments?post=129302"}],"version-history":[{"count":1,"href":"https:\/\/vinasfm.com\/noticias\/wp-json\/wp\/v2\/posts\/129302\/revisions"}],"predecessor-version":[{"id":129304,"href":"https:\/\/vinasfm.com\/noticias\/wp-json\/wp\/v2\/posts\/129302\/revisions\/129304"}],"wp:featuredmedia":[{"embeddable":true,"href":"https:\/\/vinasfm.com\/noticias\/wp-json\/wp\/v2\/media\/129303"}],"wp:attachment":[{"href":"https:\/\/vinasfm.com\/noticias\/wp-json\/wp\/v2\/media?parent=129302"}],"wp:term":[{"taxonomy":"category","embeddable":true,"href":"https:\/\/vinasfm.com\/noticias\/wp-json\/wp\/v2\/categories?post=129302"},{"taxonomy":"post_tag","embeddable":true,"href":"https:\/\/vinasfm.com\/noticias\/wp-json\/wp\/v2\/tags?post=129302"}],"curies":[{"name":"wp","href":"https:\/\/api.w.org\/{rel}","templated":true}]}}