{"id":129293,"date":"2023-11-10T10:21:05","date_gmt":"2023-11-10T13:21:05","guid":{"rendered":"https:\/\/vinasfm.com\/noticias\/?p=129293"},"modified":"2023-11-11T10:22:41","modified_gmt":"2023-11-11T13:22:41","slug":"el-municipio-realiza-mejoras-en-la-calle-roque-saenz-pena","status":"publish","type":"post","link":"https:\/\/vinasfm.com\/noticias\/el-municipio-realiza-mejoras-en-la-calle-roque-saenz-pena\/","title":{"rendered":"EL MUNICIPIO REALIZA MEJORAS EN LA CALLE ROQUE S\u00c1ENZ PE\u00d1A"},"content":{"rendered":"<p><span style=\"color: #000000;\"><strong><em>Desde la Secretar\u00eda de Obras y Servicios P\u00fablicos piden circular con precauci\u00f3n <\/em><\/strong><\/span><\/p>\n<p><span style=\"color: #000000;\">Durante la jornada del jueves, personal de Obras y Servicios comenz\u00f3 las tareas de reacondicionamiento en la calle Roque S\u00e1enz Pe\u00f1a. Jorge P\u00e9rez se\u00f1al\u00f3 que <strong><em>\u201ces la segunda calle de las cuatro que hay que intervenir\u201d<\/em><\/strong>, sobre la obra dijo <strong><em>\u201cla idea es que, posterior a realizar la caja, hacer una impermeabilizaci\u00f3n y luego el asfaltado, esto ya est\u00e1 en di\u00e1logo con qui\u00e9n asuma este cargo\u201d. <\/em><\/strong><\/span><\/p>\n<p><span style=\"color: #000000;\">Adem\u00e1s se han realizado tareas en la intersecci\u00f3n de Ruta 188 y calle Libertad. <strong><em>\u201cNos encontramos con que tuvimos que romper m\u00e1s de lo especulado porque el asfalto estaba muy deteriorado, tambi\u00e9n trabajamos en la modificaci\u00f3n del radio de giro\u201d. <\/em><\/strong><\/span><\/p>\n<p><span style=\"color: #000000;\">Por la gran circulaci\u00f3n de obreros y maquinaria, P\u00e9rez se dirigi\u00f3 a la comunidad y solicit\u00f3 <strong><em>\u201ccircular con precauci\u00f3n, nuestra intenci\u00f3n es realizar un mejoramiento en la v\u00eda e intentamos no afectar en las actividades de los vecinos\u201d.<\/em><\/strong><\/span><\/p>\n<p><span style=\"color: #000000;\">Por \u00faltimo, el Secretario de Obras y Servicios P\u00fablicos, subray\u00f3 que <strong><em>\u201ctodas estas tareas se realizan con el fin de mejorar la transitabilidad en el departamento y darle una mayor calidad a nuestras calles\u201d. <\/em><\/strong><\/span><\/p>\n","protected":false},"excerpt":{"rendered":"<p>Desde la Secretar\u00eda de Obras y Servicios P\u00fablicos piden circular con precauci\u00f3n Durante la jornada del jueves, personal de Obras y &#8230;<\/p>\n","protected":false},"author":7,"featured_media":129294,"comment_status":"open","ping_status":"open","sticky":false,"template":"","format":"standard","meta":{"footnotes":""},"categories":[5,29],"tags":[],"class_list":["post-129293","post","type-post","status-publish","format-standard","has-post-thumbnail","hentry","category-actualidad","category-obras-y-servicios"],"_links":{"self":[{"href":"https:\/\/vinasfm.com\/noticias\/wp-json\/wp\/v2\/posts\/129293","targetHints":{"allow":["GET"]}}],"collection":[{"href":"https:\/\/vinasfm.com\/noticias\/wp-json\/wp\/v2\/posts"}],"about":[{"href":"https:\/\/vinasfm.com\/noticias\/wp-json\/wp\/v2\/types\/post"}],"author":[{"embeddable":true,"href":"https:\/\/vinasfm.com\/noticias\/wp-json\/wp\/v2\/users\/7"}],"replies":[{"embeddable":true,"href":"https:\/\/vinasfm.com\/noticias\/wp-json\/wp\/v2\/comments?post=129293"}],"version-history":[{"count":2,"href":"https:\/\/vinasfm.com\/noticias\/wp-json\/wp\/v2\/posts\/129293\/revisions"}],"predecessor-version":[{"id":129339,"href":"https:\/\/vinasfm.com\/noticias\/wp-json\/wp\/v2\/posts\/129293\/revisions\/129339"}],"wp:featuredmedia":[{"embeddable":true,"href":"https:\/\/vinasfm.com\/noticias\/wp-json\/wp\/v2\/media\/129294"}],"wp:attachment":[{"href":"https:\/\/vinasfm.com\/noticias\/wp-json\/wp\/v2\/media?parent=129293"}],"wp:term":[{"taxonomy":"category","embeddable":true,"href":"https:\/\/vinasfm.com\/noticias\/wp-json\/wp\/v2\/categories?post=129293"},{"taxonomy":"post_tag","embeddable":true,"href":"https:\/\/vinasfm.com\/noticias\/wp-json\/wp\/v2\/tags?post=129293"}],"curies":[{"name":"wp","href":"https:\/\/api.w.org\/{rel}","templated":true}]}}