{"id":129208,"date":"2023-11-08T08:58:14","date_gmt":"2023-11-08T11:58:14","guid":{"rendered":"https:\/\/vinasfm.com\/noticias\/?p=129208"},"modified":"2023-11-09T09:13:03","modified_gmt":"2023-11-09T12:13:03","slug":"bajo-el-lema-mercado-y-productividad-mendoza-se-prepara-para-el-congreso-internacional-de-la-ciruela-industria","status":"publish","type":"post","link":"https:\/\/vinasfm.com\/noticias\/bajo-el-lema-mercado-y-productividad-mendoza-se-prepara-para-el-congreso-internacional-de-la-ciruela-industria\/","title":{"rendered":"BAJO EL LEMA \u201cMERCADO Y PRODUCTIVIDAD\u201d, MENDOZA SE PREPARA PARA EL CONGRESO INTERNACIONAL DE LA CIRUELA INDUSTRIA"},"content":{"rendered":"<p><span style=\"color: #000000;\"><strong>El 24 y 25 de noviembre, en General Alvear, se realizar\u00e1 este encuentro que congregar\u00e1 a distinguidos expertos en los campos de producci\u00f3n, industrializaci\u00f3n y exportaci\u00f3n.\u00a0<\/strong><\/span><\/p>\n<p><span style=\"color: #000000;\">El Sur de Mendoza se prepara para ser el epicentro del Segundo Congreso Internacional de la Ciruela Industria, que es organizado por el Cl\u00faster del sector. El evento se llevar\u00e1 a cabo los d\u00edas viernes 24 y s\u00e1bado 25 de noviembre y tendr\u00e1 lugar\u00a0<b>en el Multiespacio de Bodega Fara\u00f3n<\/b>, ubicado en la intersecci\u00f3n de la Calle 10 y la Ruta Nacional 188, en\u00a0<b>General Alvear<\/b>.<\/span><\/p>\n<p><span style=\"color: #000000;\">Bajo el lema \u201c<b>Mercado y Productividad<\/b>\u201d, este encuentro congregar\u00e1 a distinguidos expertos en los campos de<b>\u00a0producci\u00f3n, industrializaci\u00f3n y exportaci\u00f3n<\/b>.<\/span><\/p>\n<p><span style=\"color: #000000;\"><b>Mendoza\u00a0<\/b>ostenta el t\u00edtulo de ser la principal productora de ciruela destinada a la industria en todo el pa\u00eds, abarcando casi\u00a0<b>el 95% de la superficie total dedicada a este cultivo<\/b>. A nivel internacional, Argentina ocupa el tercer lugar en lo que respecta a las exportaciones de ciruelas.\u00a0<\/span><a href=\"https:\/\/camarasanrafael.com.ar\/noticias\/el-segundo-congreso-internacional-de-la-ciruela-industria-se-realizara-en-el-sur-de-mendoza\/\" target=\"_blank\" rel=\"noopener\"><b>Podes inscribirte aqu\u00ed.<\/b><\/a><\/p>\n<h2 class=\"\"><span style=\"color: #000000;\">UN PLAN DE MEJORA<\/span><\/h2>\n<p><span style=\"color: #000000;\">La primera edici\u00f3n de este evento tuvo lugar en 2021 en San Rafael, donde participaron m\u00e1s de 250 personas vinculadas al sector. Cabe destacar que este congreso se celebra de manera bianual,\u00a0<b>como parte del ambicioso Plan de Mejora Competitiva\u00a0<\/b>(PMC) acordado por el sector ciruela, con el objetivo de impulsar la\u00a0<b>competitividad de toda la cadena de valor<\/b>, posicionar a la regi\u00f3n y crear un espacio de identidad, innovaci\u00f3n e intercambio para los productores, industriales y exportadores tanto nacionales como internacionales.<\/span><\/p>\n<p><span style=\"color: #000000;\">En referencia a este evento, el presidente del Cl\u00faster de Ciruela Industria de Mendoza,<b>\u00a0Oscar Morbidelli,<\/b>\u00a0afirm\u00f3 que \u201cuno de los principales desaf\u00edos del sector es\u00a0<b>mantener y potenciar los est\u00e1ndares de calidad<\/b>\u00a0para competir en el mercado internacional. En este sentido, el Congreso aporta perspectivas cruciales\u201d.<\/span><\/p>\n<p><img loading=\"lazy\" decoding=\"async\" class=\"\" src=\"https:\/\/camarasanrafael.com.ar\/wp-content\/uploads\/2023\/11\/ciruela-721x1024.jpeg\" alt=\"El Segundo Congreso Internacional de la Ciruela Industria se realizar\u00e1 en el sur de Mendoza - C\u00e1mara de Comercio, Industria y Agropecuaria de San Rafael - Mendoza\" width=\"389\" height=\"552\" \/><\/p>\n<h2 class=\"\"><span style=\"color: #000000;\">EL PROGRAMA<\/span><\/h2>\n<p><span style=\"color: #000000;\"><b>La primera jornada<\/b>\u00a0del Congreso estar\u00e1 dedicada a abordar temas como la productividad en la producci\u00f3n de ciruela, la\u00a0<b>caracterizaci\u00f3n de la producci\u00f3n<\/b>\u00a0de ciruela en Mendoza y el valor de la asociatividad. Tambi\u00e9n se contar\u00e1 con un panel de productores y recorridos t\u00e9cnicos en fincas locales.<\/span><\/p>\n<p><span style=\"color: #000000;\"><b>El segundo d\u00eda<\/b>\u00a0del evento\u00a0<b>se centrar\u00e1 en los exportadores<\/b>\u00a0y las perspectivas del negocio a nivel mundial, as\u00ed como las implicancias de exportar desde la regi\u00f3n de Mendoza. Adem\u00e1s, se compartir\u00e1n experiencias de\u00a0<b>referentes de Chile en la producci\u00f3n de ciruelas frescas<\/b>\u00a0y se llevar\u00e1 a cabo un panel de exportadores.<\/span><\/p>\n<h2 class=\"\"><span style=\"color: #000000;\">LA INSCRIPCI\u00d3N<\/span><\/h2>\n<p><span style=\"color: #000000;\">Las\u00a0<b>inscripciones<\/b>\u00a0ya est\u00e1n abiertas, y la entrada consiste en una\u00a0<b>caja de Leche Larga Vida\u00a0<\/b>que ser\u00e1 donada a una instituci\u00f3n local. Aquellos interesados en participar pueden registrarse completando el formulario disponible<\/span><b>\u00a0<\/b><a href=\"https:\/\/camarasanrafael.com.ar\/noticias\/el-segundo-congreso-internacional-de-la-ciruela-industria-se-realizara-en-el-sur-de-mendoza\/\" target=\"_blank\" rel=\"noopener\"><b>en el siguiente enlace<\/b><\/a>. <span style=\"color: #000000;\">\u00a1Este congreso promete ser un evento imperdible para todos los actores del sector!<\/span><\/p>\n<p>&nbsp;<\/p>\n","protected":false},"excerpt":{"rendered":"<p>El 24 y 25 de noviembre, en General Alvear, se realizar\u00e1 este encuentro que congregar\u00e1 a distinguidos expertos en los campos &#8230;<\/p>\n","protected":false},"author":7,"featured_media":129209,"comment_status":"open","ping_status":"open","sticky":false,"template":"","format":"standard","meta":{"footnotes":""},"categories":[5,14],"tags":[],"class_list":["post-129208","post","type-post","status-publish","format-standard","has-post-thumbnail","hentry","category-actualidad","category-agro"],"_links":{"self":[{"href":"https:\/\/vinasfm.com\/noticias\/wp-json\/wp\/v2\/posts\/129208","targetHints":{"allow":["GET"]}}],"collection":[{"href":"https:\/\/vinasfm.com\/noticias\/wp-json\/wp\/v2\/posts"}],"about":[{"href":"https:\/\/vinasfm.com\/noticias\/wp-json\/wp\/v2\/types\/post"}],"author":[{"embeddable":true,"href":"https:\/\/vinasfm.com\/noticias\/wp-json\/wp\/v2\/users\/7"}],"replies":[{"embeddable":true,"href":"https:\/\/vinasfm.com\/noticias\/wp-json\/wp\/v2\/comments?post=129208"}],"version-history":[{"count":1,"href":"https:\/\/vinasfm.com\/noticias\/wp-json\/wp\/v2\/posts\/129208\/revisions"}],"predecessor-version":[{"id":129210,"href":"https:\/\/vinasfm.com\/noticias\/wp-json\/wp\/v2\/posts\/129208\/revisions\/129210"}],"wp:featuredmedia":[{"embeddable":true,"href":"https:\/\/vinasfm.com\/noticias\/wp-json\/wp\/v2\/media\/129209"}],"wp:attachment":[{"href":"https:\/\/vinasfm.com\/noticias\/wp-json\/wp\/v2\/media?parent=129208"}],"wp:term":[{"taxonomy":"category","embeddable":true,"href":"https:\/\/vinasfm.com\/noticias\/wp-json\/wp\/v2\/categories?post=129208"},{"taxonomy":"post_tag","embeddable":true,"href":"https:\/\/vinasfm.com\/noticias\/wp-json\/wp\/v2\/tags?post=129208"}],"curies":[{"name":"wp","href":"https:\/\/api.w.org\/{rel}","templated":true}]}}