{"id":129201,"date":"2023-11-08T08:42:09","date_gmt":"2023-11-08T11:42:09","guid":{"rendered":"https:\/\/vinasfm.com\/noticias\/?p=129201"},"modified":"2023-11-09T09:14:22","modified_gmt":"2023-11-09T12:14:22","slug":"tres-menores-robaron-tres-cajones-de-cerveza","status":"publish","type":"post","link":"https:\/\/vinasfm.com\/noticias\/tres-menores-robaron-tres-cajones-de-cerveza\/","title":{"rendered":"TRES MENORES ROBARON TRES CAJONES DE CERVEZA"},"content":{"rendered":"<p><strong><span style=\"color: #000000;\">El hecho se registr\u00f3 cerca de las 21:50 horas del d\u00eda martes.<\/span><\/strong><\/p>\n<p><span style=\"color: #000000;\">Personal policial fue alertado por un vecino que <strong>tres individuos hab\u00edan sustra\u00eddo de su domicilio<\/strong>, ubicado en calle Zamenhof, <strong>tres cajones de cervezas con botellas vac\u00edas.<\/strong> El vecino tambi\u00e9n indic\u00f3 la direcci\u00f3n en la que los individuos se fugaron.<\/span><\/p>\n<p><span style=\"color: #000000;\"><strong>En inmediaciones del barrio San Carlos<\/strong>, personal policial logr\u00f3 la aprehensi\u00f3n de <strong>tres menores, uno de 17 y dos de 15 a\u00f1os<\/strong>, con los cajones de cerveza.\u00a0<\/span><\/p>\n<p><span style=\"color: #000000;\">Posterior a la detenci\u00f3n, los menores <strong>fueron trasladados a Oficina UPANA Alvear<\/strong>; sin embargo momentos despu\u00e9s <strong>fueron entregados a sus progenitores.<\/strong><\/span><\/p>\n<h6>Im\u00e1gen ilustrativa<\/h6>\n","protected":false},"excerpt":{"rendered":"<p>El hecho se registr\u00f3 cerca de las 21:50 horas del d\u00eda martes. Personal policial fue alertado por un vecino que tres &#8230;<\/p>\n","protected":false},"author":7,"featured_media":129202,"comment_status":"open","ping_status":"open","sticky":false,"template":"","format":"standard","meta":{"footnotes":""},"categories":[5,4],"tags":[],"class_list":["post-129201","post","type-post","status-publish","format-standard","has-post-thumbnail","hentry","category-actualidad","category-policiales"],"_links":{"self":[{"href":"https:\/\/vinasfm.com\/noticias\/wp-json\/wp\/v2\/posts\/129201","targetHints":{"allow":["GET"]}}],"collection":[{"href":"https:\/\/vinasfm.com\/noticias\/wp-json\/wp\/v2\/posts"}],"about":[{"href":"https:\/\/vinasfm.com\/noticias\/wp-json\/wp\/v2\/types\/post"}],"author":[{"embeddable":true,"href":"https:\/\/vinasfm.com\/noticias\/wp-json\/wp\/v2\/users\/7"}],"replies":[{"embeddable":true,"href":"https:\/\/vinasfm.com\/noticias\/wp-json\/wp\/v2\/comments?post=129201"}],"version-history":[{"count":2,"href":"https:\/\/vinasfm.com\/noticias\/wp-json\/wp\/v2\/posts\/129201\/revisions"}],"predecessor-version":[{"id":129207,"href":"https:\/\/vinasfm.com\/noticias\/wp-json\/wp\/v2\/posts\/129201\/revisions\/129207"}],"wp:featuredmedia":[{"embeddable":true,"href":"https:\/\/vinasfm.com\/noticias\/wp-json\/wp\/v2\/media\/129202"}],"wp:attachment":[{"href":"https:\/\/vinasfm.com\/noticias\/wp-json\/wp\/v2\/media?parent=129201"}],"wp:term":[{"taxonomy":"category","embeddable":true,"href":"https:\/\/vinasfm.com\/noticias\/wp-json\/wp\/v2\/categories?post=129201"},{"taxonomy":"post_tag","embeddable":true,"href":"https:\/\/vinasfm.com\/noticias\/wp-json\/wp\/v2\/tags?post=129201"}],"curies":[{"name":"wp","href":"https:\/\/api.w.org\/{rel}","templated":true}]}}