{"id":129172,"date":"2023-11-07T10:11:05","date_gmt":"2023-11-07T13:11:05","guid":{"rendered":"https:\/\/vinasfm.com\/noticias\/?p=129172"},"modified":"2023-11-08T10:29:25","modified_gmt":"2023-11-08T13:29:25","slug":"con-rechazos-y-un-paro-el-gobierno-confia-que-el-dialogo-con-los-gremios-sigue-abierto","status":"publish","type":"post","link":"https:\/\/vinasfm.com\/noticias\/con-rechazos-y-un-paro-el-gobierno-confia-que-el-dialogo-con-los-gremios-sigue-abierto\/","title":{"rendered":"CON RECHAZOS Y UN PARO, EL GOBIERNO CONF\u00cdA QUE EL DI\u00c1LOGO CON LOS GREMIOS SIGUE ABIERTO"},"content":{"rendered":"<p><span style=\"color: #000000;\"><strong>Este martes se reunir\u00e1n con los docentes. La administraci\u00f3n central definir\u00e1 ma\u00f1ana medidas de fuerza, mientras que los profesionales de la salud parar\u00e1n la semana pr\u00f3xima.<\/strong><\/span><\/p>\n<p><span style=\"color: #000000;\">A horas de la \u00faltima reuni\u00f3n paritaria con el Sindicato \u00danico de los Trabajadores de la Educaci\u00f3n (SUTE) el Gobierno provincial se encuentra en una delicada con rechazos de diferentes sectores y con paro confirmados por parte los trabajadores de la salud y otro por definir en la Administraci\u00f3n central.<\/span><\/p>\n<p><span style=\"color: #000000;\">Desde el Ejecutivo aseguraron que, por el momento, se descarta otorgar incrementos a trav\u00e9s de decretos, ya que no est\u00e1 cerrado el di\u00e1logo con los gremios. Sin embargo, admitieron que hasta el momento no est\u00e1 previsto un nuevo llamado para los gremios que rechazaron las ofertas.<\/span><\/p>\n<p><span style=\"color: #000000;\"><em><strong>\u201cCreemos que el di\u00e1logo sigue abierto, se est\u00e1n estudiando los posibles escenarios, pero por ahora estamos esperando acordar con los distintos sectores a trav\u00e9s del di\u00e1logo\u201d<\/strong><\/em>, se\u00f1alaron.<\/span><\/p>\n<p><span style=\"color: #000000;\">En relaci\u00f3n con la oferta econ\u00f3mica, aseguraron que <strong><em>\u201cno es lo \u00fanico que se habla en una paritaria\u201d<\/em><\/strong> y que cada sector es completamente diferente al resto, por lo que <em><strong>\u201cno se puede ser lineal y tomar las mismas decisiones con todos los sectores\u201d.<\/strong><\/em><\/span><\/p>\n<p><span style=\"color: #000000;\">Beatriz Mart\u00ednez, subsecretaria de Gesti\u00f3n P\u00fablica y Modernizaci\u00f3n del Estado, hablar\u00e1 sobre cu\u00e1les ser\u00e1n los pasos a seguir con los gremios que no aceptaron la oferta salarial.<\/span><\/p>\n<h2 id=\"h-ofertas-asambleas-y-paros\" class=\"wp-block-heading\"><span style=\"color: #000000;\">Ofertas, asambleas y paros<\/span><\/h2>\n<p><span style=\"color: #000000;\">El SUTE se reunir\u00e1 por tercera vez en esta mesa paritaria con el Gobierno luego de rechazar las dos primeras ofertas por considerarlas insuficientes.<\/span><\/p>\n<aside class=\"scaip scaip-2 \"><\/aside>\n<p><span style=\"color: #000000;\">La primera reuni\u00f3n se dio el 19 de octubre. All\u00ed la Provincia ofert\u00f3 un incremento al b\u00e1sico docente del 10% para noviembre y diciembre, que se suma a la actualizaci\u00f3n de las garant\u00edas de salario de bolsillo, la cual aseguraba 220.000 pesos por cargo y a los de mayor antig\u00fcedad 290.000 pesos; mientras que para diciembre, estos valores ser\u00edan de 250.000 pesos y 310.000 pesos, respectivamente. Esa propuesta no fue suficiente para el Sute.<\/span><\/p>\n<p><span style=\"color: #000000;\">El segundo encuentro se dio el 30 de octubre, cuando el Ejecutivo mejor\u00f3 las ofertas ofreciendo un incremento del 14% al b\u00e1sico y 18% al estado docente en noviembre y diciembre. El gremio tampoco la acept\u00f3.<\/span><\/p>\n<p><span style=\"color: #000000;\">En tanto, este martes se ver\u00e1n las caras por tercera vez, aunque desde el entorno del gremio de los trabajadores de la educaci\u00f3n aseguraron que no hay buenas expectativas de cara a la negociaci\u00f3n.<\/span><\/p>\n<aside class=\"scaip scaip-3 \"><\/aside>\n<p><span style=\"color: #000000;\"><strong>\u201c<em>Hay razones del rechazo anterior que eran transversales a todos los estatales, que b\u00e1sicamente era lo insuficiente de la propuesta econ\u00f3mica. Adem\u00e1s, la falta de oferta para enero, que nos deja un atraso en la futura base de c\u00e1lculo. Tambi\u00e9n tenemos planteos muy propios de la estructura salarial del sector\u201d<\/em><\/strong>, expresaron.<\/span><\/p>\n<p><span style=\"color: #000000;\">El primer sindicato en rechazar la propuesta del Gobierno y poner en marcha el estado de alerta fue el de la<strong>\u00a0Asociaci\u00f3n de Trabajadores del Estado (ATE)<\/strong>, liderado por Roberto Macho, uno de los gremios con el que menos cost\u00f3 negociar en comparaci\u00f3n con otros que tuvieron posturas m\u00e1s rigurosas en el proceso de negociaci\u00f3n que se dio este a\u00f1o.<\/span><\/p>\n<p><span style=\"color: #000000;\">Hubo mucho malestar el mi\u00e9rcoles pasado, cuando en la \u00faltima mesa de revisi\u00f3n escucharon la oferta que inclu\u00eda un 14% de incremento para los meses de noviembre y diciembre.<\/span><\/p>\n<p><span style=\"color: #000000;\"><em><strong>\u201cEl Gobierno ofreci\u00f3 al sindicato como \u00faltima propuesta -para que esto quede claro- 12 kilos de pan. Perfecto, que eso es lo que se eval\u00faa el 14% de aumento salarial en el salario m\u00e1s bajo que tenemos los trabajadores. Queremos llegar al costo de la canasta alimentaria, no estamos pidiendo ni m\u00e1s ni menos que eso\u201d<\/strong><\/em>, hab\u00eda expresado Macho.<\/span><\/p>\n<p><span style=\"color: #000000;\">Tras el rechazo, pasaron a un estado de movilizaci\u00f3n y alerta. Este martes, a partir de las 9.30 realizar\u00e1n una asamblea general de delegados para definir las medidas de fuerza a seguir, aunque dan por hecho que ir\u00e1n al paro.<\/span><\/p>\n<p><span style=\"color: #000000;\">Finalmente, este lunes por la ma\u00f1ana, la\u00a0<strong>Asociaci\u00f3n Mendocina de Profesionales de la Salud (Ampros)<\/strong>\u00a0anunci\u00f3 que habr\u00e1 un paro con movilizaci\u00f3n, el pr\u00f3ximo mi\u00e9rcoles 15 de noviembre.<\/span><\/p>\n<p><span style=\"color: #000000;\">La propuesta del Gobierno que fue rechazada tambi\u00e9n incluye un aumento del 14% sobre la asignaci\u00f3n de clase para noviembre y diciembre, calculado sobre la base de diciembre de 2022.\u00a0Adem\u00e1s, para enero, febrero y marzo se propuso un incremento no acumulativo de 5,8% por mes, calculado sobre la asignaci\u00f3n de clase de diciembre de 2023.<\/span><\/p>\n<p><span style=\"color: #000000;\">Tambi\u00e9n la Provincia se hab\u00eda comprometido a llamar a paritarias nuevamente el pr\u00f3ximo 3 de abril, pero si la inflaci\u00f3n acumulada entre enero y febrero supera el 12%, se adelantar\u00eda.<\/span><\/p>\n<p><span style=\"color: #000000;\"><strong><em>\u201cLa indignaci\u00f3n se basa fundamentalmente en la evidencia que la recaudaci\u00f3n de la provincia, durante todo el 2022 y 2023 ha sido superior a la inflaci\u00f3n y que no se ha visto reflejada en los salarios de los profesionales de la salud<\/em>\u201c<\/strong>, asegur\u00f3 Claudia Iturbe, secretaria general de Ampros. Y agreg\u00f3: <strong><em>\u201cPor el contrario, se demuestra que hemos sido la variable de ajuste\u201d.<\/em><\/strong><\/span><\/p>\n","protected":false},"excerpt":{"rendered":"<p>Este martes se reunir\u00e1n con los docentes. La administraci\u00f3n central definir\u00e1 ma\u00f1ana medidas de fuerza, mientras que los profesionales de la &#8230;<\/p>\n","protected":false},"author":7,"featured_media":129173,"comment_status":"open","ping_status":"open","sticky":false,"template":"","format":"standard","meta":{"footnotes":""},"categories":[5,172],"tags":[],"class_list":["post-129172","post","type-post","status-publish","format-standard","has-post-thumbnail","hentry","category-actualidad","category-paritarias"],"_links":{"self":[{"href":"https:\/\/vinasfm.com\/noticias\/wp-json\/wp\/v2\/posts\/129172","targetHints":{"allow":["GET"]}}],"collection":[{"href":"https:\/\/vinasfm.com\/noticias\/wp-json\/wp\/v2\/posts"}],"about":[{"href":"https:\/\/vinasfm.com\/noticias\/wp-json\/wp\/v2\/types\/post"}],"author":[{"embeddable":true,"href":"https:\/\/vinasfm.com\/noticias\/wp-json\/wp\/v2\/users\/7"}],"replies":[{"embeddable":true,"href":"https:\/\/vinasfm.com\/noticias\/wp-json\/wp\/v2\/comments?post=129172"}],"version-history":[{"count":1,"href":"https:\/\/vinasfm.com\/noticias\/wp-json\/wp\/v2\/posts\/129172\/revisions"}],"predecessor-version":[{"id":129174,"href":"https:\/\/vinasfm.com\/noticias\/wp-json\/wp\/v2\/posts\/129172\/revisions\/129174"}],"wp:featuredmedia":[{"embeddable":true,"href":"https:\/\/vinasfm.com\/noticias\/wp-json\/wp\/v2\/media\/129173"}],"wp:attachment":[{"href":"https:\/\/vinasfm.com\/noticias\/wp-json\/wp\/v2\/media?parent=129172"}],"wp:term":[{"taxonomy":"category","embeddable":true,"href":"https:\/\/vinasfm.com\/noticias\/wp-json\/wp\/v2\/categories?post=129172"},{"taxonomy":"post_tag","embeddable":true,"href":"https:\/\/vinasfm.com\/noticias\/wp-json\/wp\/v2\/tags?post=129172"}],"curies":[{"name":"wp","href":"https:\/\/api.w.org\/{rel}","templated":true}]}}