{"id":129126,"date":"2023-11-06T11:31:04","date_gmt":"2023-11-06T14:31:04","guid":{"rendered":"https:\/\/vinasfm.com\/noticias\/?p=129126"},"modified":"2023-11-07T09:20:50","modified_gmt":"2023-11-07T12:20:50","slug":"anuncian-que-complejo-fronterizo-pehuenche-estara-listo-en-diciembre","status":"publish","type":"post","link":"https:\/\/vinasfm.com\/noticias\/anuncian-que-complejo-fronterizo-pehuenche-estara-listo-en-diciembre\/","title":{"rendered":"ANUNCIAN QUE EL COMPLEJO FRONTERIZO PEHUENCHE ESTAR\u00c1 LISTO EN DICIEMBRE"},"content":{"rendered":"<p><strong><span style=\"color: #000000;\">Por ahora el tr\u00e1nsito en la ruta CH-115 est\u00e1 habiltiadod hasta Laguna del Maule \u00bfQu\u00e9 dicen desde el lado chileno?<\/span><\/strong><\/p>\n<p><span style=\"color: #000000;\">El\u00a0<strong>Delegado Presidencial Regional del Maule, Humberto Aqueveque<\/strong>, inform\u00f3 que el trabajo de coordinaci\u00f3n entre\u00a0<strong>Vialidad del MOP<\/strong>\u00a0y\u00a0<strong>Gendarmer\u00eda de Argentina<\/strong>, con la Difrol y la\u00a0<strong>municipalidad de San Clemente<\/strong>, permite estimar que la reapertura de la frontera a trav\u00e9s del\u00a0<strong>Paso Internacional Pehuenche<\/strong> quedar\u00e1 habilitada a contar de los primeros d\u00edas de diciembre.<\/span><\/p>\n<p><span style=\"color: #000000;\"><em><strong>\u201cEsto nos permitir\u00e1 retomar el flujo internacional a trav\u00e9s de nuestro paso internacional, luego de los graves problemas que nos dejaron los temporales en los meses de junio y agosto. A trav\u00e9s de la Difrol, tenemos coordinaci\u00f3n con Vialidad y Gendarmer\u00eda de Argentina, que nos permitir\u00e1 reabrir el paso a contar del 1 de diciembre\u201d<\/strong>,\u00a0<\/em>afirm\u00f3\u00a0<strong><em>Humberto Aqueveque<\/em><\/strong>.<\/span><\/p>\n<p><img loading=\"lazy\" decoding=\"async\" class=\"\" src=\"https:\/\/media.diariouno.com.ar\/p\/7116b2f884b24f83393cd2115724d92a\/adjuntos\/298\/imagenes\/009\/177\/0009177685\/1200x0\/smart\/paso-pehuenchejpg.jpg\" alt=\"Est\u00e1 cerrado el Paso Pehuenche y la ruta 145 sufri\u00f3 da\u00f1os por el fuerte temporal\" width=\"406\" height=\"228\" \/> <img loading=\"lazy\" decoding=\"async\" class=\"\" src=\"https:\/\/media.sitioandino.com.ar\/p\/25a0df734ac61faf1152adc0777fcfb4\/adjuntos\/335\/imagenes\/000\/638\/0000638529\/790x0\/smart\/pehuenche-3jpg.jpg\" alt=\"Es incierta la fecha de apertura de Paso Pehuenche\" width=\"414\" height=\"228\" \/><\/p>\n<p><span style=\"color: #000000;\">Desde el 3 de noviembre, la\u00a0<strong>Ruta CH-115<\/strong>\u00a0qued\u00f3 habilitada y abierta hasta el complejo fronterizo chileno, lo que permite avanzar con los trabajos en el tramo final de la v\u00eda, entre la Laguna del Maule y el l\u00edmite con Argentina.<\/span><\/p>\n<p><span style=\"color: #000000;\"><em><strong>\u201cLa buena noticia es que hemos reabierto el trayecto de la ruta CH-115 hasta el Complejo Internacional Pehuenche. Eso permitir\u00e1 a nuestros equipos continuar con los trabajos en los otros 14 a 18 kil\u00f3metros que restan entre la Laguna del Maule y el l\u00edmite que nos une con Argentina\u201d<\/strong>,<\/em>\u00a0explic\u00f3 el\u00a0<strong>Delegado Presidencial Regional del Maule<\/strong>.<\/span><\/p>\n<p><span style=\"color: #000000;\">A contar de esta misma fecha, las y los turistas que quieran subir a disfrutar del paisaje de la ruta internacional, lo podr\u00e1n hacer hasta la\u00a0<strong>Laguna del Maule<\/strong>\u00a0y ya no s\u00f3lo hasta el sector de\u00a0<strong>Lo Aguirre<\/strong>.<\/span><\/p>\n<h6>diariotalca.cl<\/h6>\n","protected":false},"excerpt":{"rendered":"<p>Por ahora el tr\u00e1nsito en la ruta CH-115 est\u00e1 habiltiadod hasta Laguna del Maule \u00bfQu\u00e9 dicen desde el lado chileno? El\u00a0Delegado &#8230;<\/p>\n","protected":false},"author":7,"featured_media":129127,"comment_status":"open","ping_status":"open","sticky":false,"template":"","format":"standard","meta":{"footnotes":""},"categories":[5,10],"tags":[],"class_list":["post-129126","post","type-post","status-publish","format-standard","has-post-thumbnail","hentry","category-actualidad","category-destacadas"],"_links":{"self":[{"href":"https:\/\/vinasfm.com\/noticias\/wp-json\/wp\/v2\/posts\/129126","targetHints":{"allow":["GET"]}}],"collection":[{"href":"https:\/\/vinasfm.com\/noticias\/wp-json\/wp\/v2\/posts"}],"about":[{"href":"https:\/\/vinasfm.com\/noticias\/wp-json\/wp\/v2\/types\/post"}],"author":[{"embeddable":true,"href":"https:\/\/vinasfm.com\/noticias\/wp-json\/wp\/v2\/users\/7"}],"replies":[{"embeddable":true,"href":"https:\/\/vinasfm.com\/noticias\/wp-json\/wp\/v2\/comments?post=129126"}],"version-history":[{"count":2,"href":"https:\/\/vinasfm.com\/noticias\/wp-json\/wp\/v2\/posts\/129126\/revisions"}],"predecessor-version":[{"id":129165,"href":"https:\/\/vinasfm.com\/noticias\/wp-json\/wp\/v2\/posts\/129126\/revisions\/129165"}],"wp:featuredmedia":[{"embeddable":true,"href":"https:\/\/vinasfm.com\/noticias\/wp-json\/wp\/v2\/media\/129127"}],"wp:attachment":[{"href":"https:\/\/vinasfm.com\/noticias\/wp-json\/wp\/v2\/media?parent=129126"}],"wp:term":[{"taxonomy":"category","embeddable":true,"href":"https:\/\/vinasfm.com\/noticias\/wp-json\/wp\/v2\/categories?post=129126"},{"taxonomy":"post_tag","embeddable":true,"href":"https:\/\/vinasfm.com\/noticias\/wp-json\/wp\/v2\/tags?post=129126"}],"curies":[{"name":"wp","href":"https:\/\/api.w.org\/{rel}","templated":true}]}}