{"id":129104,"date":"2023-11-06T09:51:11","date_gmt":"2023-11-06T12:51:11","guid":{"rendered":"https:\/\/vinasfm.com\/noticias\/?p=129104"},"modified":"2023-11-06T12:19:56","modified_gmt":"2023-11-06T15:19:56","slug":"hugo-molina-sera-el-proximo-secretario-de-desarrollo-y-promocion-departamental","status":"publish","type":"post","link":"https:\/\/vinasfm.com\/noticias\/hugo-molina-sera-el-proximo-secretario-de-desarrollo-y-promocion-departamental\/","title":{"rendered":"EL INGENIERO HUGO MOLINA SER\u00c1 EL PR\u00d3XIMO SECRETARIO DE DESARROLLO Y PROMOCI\u00d3N DEPARTAMENTAL"},"content":{"rendered":"<p><span style=\"color: #000000;\"><strong>Por el momento, el cargo es ocupado por Edgardo Sampirisi. <\/strong><\/span><\/p>\n<p><span style=\"color: #000000;\">En los micr\u00f3fonos de F.M. VI\u00d1AS, el Ingeniero Hugo Molina confirm\u00f3 que integrar\u00e1 el gabinete Alejandro Molero. <strong><em>\u201cEstar\u00e9 al frente de la Secretar\u00eda de Desarrollo y Promoci\u00f3n Departamental que integra las \u00e1reas de turismo, ganader\u00eda, agricultura, innovaci\u00f3n e inspecci\u00f3n\u201d<\/em><\/strong>, afirm\u00f3 y destac\u00f3 que <strong><em>\u201ces un desaf\u00edo muy importante, junto al actual Secretario (Edgardo Sampirisi) estamos haciendo transici\u00f3n muy ordenada\u201d.<\/em><\/strong><\/span><\/p>\n<p><span style=\"color: #000000;\">El Ing. Molina, tambi\u00e9n se refiri\u00f3 a la pr\u00f3xima elecci\u00f3n en donde los bowenses elegir\u00e1n a su Delegado Distrital. <strong><em>\u201cUna de las propuesta de campa\u00f1a de Alejandro fue que en Bowen ser\u00eda la propia comunidad quien elegir\u00eda a su Delegado\u201d<\/em><\/strong>, se\u00f1al\u00f3. Fue el mismo Molero quien propuso la terna integrada por Celilia Ceniuk (actual Delegada), Sergio Gatica y Luis Gergeluk.<\/span><\/p>\n<p><span style=\"color: #000000;\">Sin precedentes en Mendoza, la Elecci\u00f3n Distrital se realizar\u00e1 el domingo 12 de noviembre, de 8:00 a 13:00 hs en el SUM de Bowen, con modalidad boleta \u00fanica. Cabe destacar que la elecci\u00f3n ser\u00e1 exclusiva para ciudadanos con domicilio en ese distrito. <strong><em>\u201cTenemos muchas expectativas y podr\u00e1, en un futuro, trasmitirse al resto de los distritos\u201d<\/em><\/strong>, remarc\u00f3.<\/span><\/p>\n<p><img loading=\"lazy\" decoding=\"async\" class=\"\" src=\"https:\/\/scontent.fnqn2-1.fna.fbcdn.net\/v\/t39.30808-6\/398842935_18399117325005714_7911205111122395423_n.jpg?stp=dst-jpg_p180x540&amp;_nc_cat=108&amp;ccb=1-7&amp;_nc_sid=5f2048&amp;_nc_ohc=iwgAwvT2fBMAX8BrcFp&amp;_nc_ht=scontent.fnqn2-1.fna&amp;cb_e2o_trans=t&amp;oh=00_AfDUHY0yhTcO-XXQ2OsGch6AtUkEB-Xvxv9y8GMo4gHP3w&amp;oe=654DC127\" alt=\"Puede ser una imagen de 3 personas, personas sonriendo y tabla\" width=\"500\" height=\"375\" \/><\/p>\n<h6>Molero junto a Ceniuk, Gatica y Gergeluk.<\/h6>\n<h2><span style=\"color: #000000;\">EL FUTURO GABINETE DE MOLERO<\/span><\/h2>\n<p>Sobre la Secretar\u00eda de Desarrollo y Promoci\u00f3n Departamental, de la cual estar\u00e1 a cargo, el Ing. Molina se\u00f1al\u00f3 que <strong><em>\u201cya se han terminado a definir a quienes estar\u00e1n a cargo de algunas direcciones\u201d <\/em><\/strong>y confirm\u00f3 que Gustavo Garc\u00eda estar\u00e1 a cargo de la Direcci\u00f3n de Turismo y Mabel Uccelli estar\u00e1 al frente de Inspecci\u00f3n. Adem\u00e1s, explic\u00f3 que <strong><em>\u201cse est\u00e1 analizando que las direcciones de Agricultura, Ganader\u00eda e Innovaci\u00f3n conformen una sola y queden a cargo de Agust\u00edn Anzorena\u201d. <\/em><\/strong><\/p>\n<p><strong><em>\u201cYa estamos trabajando y delineando ideas, mi idea es que los funcionarios est\u00e9n en la calle, \u00a0siempre en contacto con la gente, y dejando una impronta de acercamiento a la gesti\u00f3n\u201d, <\/em><\/strong>culmin\u00f3 Hugo Molina.<\/p>\n","protected":false},"excerpt":{"rendered":"<p>Por el momento, el cargo es ocupado por Edgardo Sampirisi. En los micr\u00f3fonos de F.M. VI\u00d1AS, el Ingeniero Hugo Molina confirm\u00f3 &#8230;<\/p>\n","protected":false},"author":7,"featured_media":129105,"comment_status":"open","ping_status":"open","sticky":false,"template":"","format":"standard","meta":{"footnotes":""},"categories":[5,7],"tags":[],"class_list":["post-129104","post","type-post","status-publish","format-standard","has-post-thumbnail","hentry","category-actualidad","category-politica"],"_links":{"self":[{"href":"https:\/\/vinasfm.com\/noticias\/wp-json\/wp\/v2\/posts\/129104","targetHints":{"allow":["GET"]}}],"collection":[{"href":"https:\/\/vinasfm.com\/noticias\/wp-json\/wp\/v2\/posts"}],"about":[{"href":"https:\/\/vinasfm.com\/noticias\/wp-json\/wp\/v2\/types\/post"}],"author":[{"embeddable":true,"href":"https:\/\/vinasfm.com\/noticias\/wp-json\/wp\/v2\/users\/7"}],"replies":[{"embeddable":true,"href":"https:\/\/vinasfm.com\/noticias\/wp-json\/wp\/v2\/comments?post=129104"}],"version-history":[{"count":3,"href":"https:\/\/vinasfm.com\/noticias\/wp-json\/wp\/v2\/posts\/129104\/revisions"}],"predecessor-version":[{"id":129133,"href":"https:\/\/vinasfm.com\/noticias\/wp-json\/wp\/v2\/posts\/129104\/revisions\/129133"}],"wp:featuredmedia":[{"embeddable":true,"href":"https:\/\/vinasfm.com\/noticias\/wp-json\/wp\/v2\/media\/129105"}],"wp:attachment":[{"href":"https:\/\/vinasfm.com\/noticias\/wp-json\/wp\/v2\/media?parent=129104"}],"wp:term":[{"taxonomy":"category","embeddable":true,"href":"https:\/\/vinasfm.com\/noticias\/wp-json\/wp\/v2\/categories?post=129104"},{"taxonomy":"post_tag","embeddable":true,"href":"https:\/\/vinasfm.com\/noticias\/wp-json\/wp\/v2\/tags?post=129104"}],"curies":[{"name":"wp","href":"https:\/\/api.w.org\/{rel}","templated":true}]}}