{"id":129088,"date":"2023-11-06T08:47:42","date_gmt":"2023-11-06T11:47:42","guid":{"rendered":"https:\/\/vinasfm.com\/noticias\/?p=129088"},"modified":"2023-11-06T11:58:25","modified_gmt":"2023-11-06T14:58:25","slug":"el-lunes-inicio-con-un-nuevo-siniestro-vial","status":"publish","type":"post","link":"https:\/\/vinasfm.com\/noticias\/el-lunes-inicio-con-un-nuevo-siniestro-vial\/","title":{"rendered":"EL LUNES INICI\u00d3 CON UN NUEVO SINIESTRO VIAL"},"content":{"rendered":"<p><strong>Ocurri\u00f3 cerca de las 08:00 hs, en la intersecci\u00f3n de calles Ig. Lange y Pierola.\u00a0<\/strong><\/p>\n<p>Por el lugar circulaba una motocicleta, conducida por una mujer y una menor de acompa\u00f1ante, <strong>que fue impactada por un autom\u00f3vil que se dio a la fuga. El veh\u00edculo menor qued\u00f3 sobre el cord\u00f3n derecho de calle Pierola<\/strong>, sus ocupantes <strong>fueron trasladadas al Hospital Enermeros Argentinos.<\/strong><\/p>\n<p>Trabaja en el lugar personal policial.<\/p>\n<p><a href=\"https:\/\/vinasfm.com\/noticias\/wp-content\/uploads\/2023\/11\/WhatsApp-Image-2023-11-06-at-08.26.43.jpeg\"><img loading=\"lazy\" decoding=\"async\" class=\"alignnone size-medium wp-image-129089\" src=\"https:\/\/vinasfm.com\/noticias\/wp-content\/uploads\/2023\/11\/WhatsApp-Image-2023-11-06-at-08.26.43-300x184.jpeg\" alt=\"\" width=\"300\" height=\"184\" srcset=\"https:\/\/vinasfm.com\/noticias\/wp-content\/uploads\/2023\/11\/WhatsApp-Image-2023-11-06-at-08.26.43-300x184.jpeg 300w, https:\/\/vinasfm.com\/noticias\/wp-content\/uploads\/2023\/11\/WhatsApp-Image-2023-11-06-at-08.26.43-1024x629.jpeg 1024w, https:\/\/vinasfm.com\/noticias\/wp-content\/uploads\/2023\/11\/WhatsApp-Image-2023-11-06-at-08.26.43-768x472.jpeg 768w, https:\/\/vinasfm.com\/noticias\/wp-content\/uploads\/2023\/11\/WhatsApp-Image-2023-11-06-at-08.26.43.jpeg 1280w\" sizes=\"auto, (max-width: 300px) 100vw, 300px\" \/><\/a><\/p>\n","protected":false},"excerpt":{"rendered":"<p>Ocurri\u00f3 cerca de las 08:00 hs, en la intersecci\u00f3n de calles Ig. Lange y Pierola.\u00a0 Por el lugar circulaba una motocicleta, &#8230;<\/p>\n","protected":false},"author":7,"featured_media":129091,"comment_status":"open","ping_status":"open","sticky":false,"template":"","format":"standard","meta":{"footnotes":""},"categories":[5,184],"tags":[],"class_list":["post-129088","post","type-post","status-publish","format-standard","has-post-thumbnail","hentry","category-actualidad","category-siniestro-vial"],"_links":{"self":[{"href":"https:\/\/vinasfm.com\/noticias\/wp-json\/wp\/v2\/posts\/129088","targetHints":{"allow":["GET"]}}],"collection":[{"href":"https:\/\/vinasfm.com\/noticias\/wp-json\/wp\/v2\/posts"}],"about":[{"href":"https:\/\/vinasfm.com\/noticias\/wp-json\/wp\/v2\/types\/post"}],"author":[{"embeddable":true,"href":"https:\/\/vinasfm.com\/noticias\/wp-json\/wp\/v2\/users\/7"}],"replies":[{"embeddable":true,"href":"https:\/\/vinasfm.com\/noticias\/wp-json\/wp\/v2\/comments?post=129088"}],"version-history":[{"count":1,"href":"https:\/\/vinasfm.com\/noticias\/wp-json\/wp\/v2\/posts\/129088\/revisions"}],"predecessor-version":[{"id":129090,"href":"https:\/\/vinasfm.com\/noticias\/wp-json\/wp\/v2\/posts\/129088\/revisions\/129090"}],"wp:featuredmedia":[{"embeddable":true,"href":"https:\/\/vinasfm.com\/noticias\/wp-json\/wp\/v2\/media\/129091"}],"wp:attachment":[{"href":"https:\/\/vinasfm.com\/noticias\/wp-json\/wp\/v2\/media?parent=129088"}],"wp:term":[{"taxonomy":"category","embeddable":true,"href":"https:\/\/vinasfm.com\/noticias\/wp-json\/wp\/v2\/categories?post=129088"},{"taxonomy":"post_tag","embeddable":true,"href":"https:\/\/vinasfm.com\/noticias\/wp-json\/wp\/v2\/tags?post=129088"}],"curies":[{"name":"wp","href":"https:\/\/api.w.org\/{rel}","templated":true}]}}