{"id":129039,"date":"2023-11-03T08:16:09","date_gmt":"2023-11-03T11:16:09","guid":{"rendered":"https:\/\/vinasfm.com\/noticias\/?p=129039"},"modified":"2023-11-06T08:52:59","modified_gmt":"2023-11-06T11:52:59","slug":"desde-el-grupo-libertador-de-general-alvear-se-pronunciaron-de-cara-al-proximo-balotaje","status":"publish","type":"post","link":"https:\/\/vinasfm.com\/noticias\/desde-el-grupo-libertador-de-general-alvear-se-pronunciaron-de-cara-al-proximo-balotaje\/","title":{"rendered":"DESDE EL GRUPO LIBERTADOR DE GENERAL ALVEAR SE PRONUNCIARON DE CARA AL PR\u00d3XIMO BALOTAJE"},"content":{"rendered":"<p><span style=\"color: #000000;\"><strong>\u00abLa Rep\u00fablica Argentina necesita de la participaci\u00f3n, esfuerzo y compromiso de todos los argentinos de bien para terminar con las da\u00f1inas pr\u00e1cticas populistas\u00bb, expresan en el comunicado emitido.<\/strong><\/span><\/p>\n<p><span style=\"color: #000000;\">En el documento publicado en las \u00faltima horas confirman su apoyo a la candidatura presidencial de Javier Milei, convencidos de que es quien debe conducir el futuro de Argentina. Adem\u00e1s, invitan a los ciudadanos alvearenses a tomar el compromiso de una opci\u00f3n que traiga un cambio.\u00a0<\/span><\/p>\n<p><span style=\"color: #000000;\">Es de destacar que la formula Milei &#8211; Villarruel qued\u00f3 en primer lugar , en General Alvear, tanto en las PASO Nacionales, como en las Generales.\u00a0\u00a0<\/span><\/p>\n<h2><span style=\"color: #000000;\">EL COMUNICADO<\/span><\/h2>\n<p><img decoding=\"async\" src=\"https:\/\/scontent.fnqn2-1.fna.fbcdn.net\/v\/t39.30808-6\/398549399_6901375836585536_537832282708734197_n.jpg?_nc_cat=110&amp;ccb=1-7&amp;_nc_sid=5f2048&amp;_nc_ohc=jfDi0XJn4dgAX8IEmde&amp;_nc_ht=scontent.fnqn2-1.fna&amp;cb_e2o_trans=t&amp;oh=00_AfDA-bs3bOrfQ4WHvDTLSeIBl4rXRI6j_tedk9B10SVY9A&amp;oe=6549FA98\" alt=\"Puede ser una imagen de texto\" \/><\/p>\n","protected":false},"excerpt":{"rendered":"<p>\u00abLa Rep\u00fablica Argentina necesita de la participaci\u00f3n, esfuerzo y compromiso de todos los argentinos de bien para terminar con las da\u00f1inas &#8230;<\/p>\n","protected":false},"author":7,"featured_media":129055,"comment_status":"open","ping_status":"open","sticky":false,"template":"","format":"standard","meta":{"footnotes":""},"categories":[5,7],"tags":[],"class_list":["post-129039","post","type-post","status-publish","format-standard","has-post-thumbnail","hentry","category-actualidad","category-politica"],"_links":{"self":[{"href":"https:\/\/vinasfm.com\/noticias\/wp-json\/wp\/v2\/posts\/129039","targetHints":{"allow":["GET"]}}],"collection":[{"href":"https:\/\/vinasfm.com\/noticias\/wp-json\/wp\/v2\/posts"}],"about":[{"href":"https:\/\/vinasfm.com\/noticias\/wp-json\/wp\/v2\/types\/post"}],"author":[{"embeddable":true,"href":"https:\/\/vinasfm.com\/noticias\/wp-json\/wp\/v2\/users\/7"}],"replies":[{"embeddable":true,"href":"https:\/\/vinasfm.com\/noticias\/wp-json\/wp\/v2\/comments?post=129039"}],"version-history":[{"count":2,"href":"https:\/\/vinasfm.com\/noticias\/wp-json\/wp\/v2\/posts\/129039\/revisions"}],"predecessor-version":[{"id":129056,"href":"https:\/\/vinasfm.com\/noticias\/wp-json\/wp\/v2\/posts\/129039\/revisions\/129056"}],"wp:featuredmedia":[{"embeddable":true,"href":"https:\/\/vinasfm.com\/noticias\/wp-json\/wp\/v2\/media\/129055"}],"wp:attachment":[{"href":"https:\/\/vinasfm.com\/noticias\/wp-json\/wp\/v2\/media?parent=129039"}],"wp:term":[{"taxonomy":"category","embeddable":true,"href":"https:\/\/vinasfm.com\/noticias\/wp-json\/wp\/v2\/categories?post=129039"},{"taxonomy":"post_tag","embeddable":true,"href":"https:\/\/vinasfm.com\/noticias\/wp-json\/wp\/v2\/tags?post=129039"}],"curies":[{"name":"wp","href":"https:\/\/api.w.org\/{rel}","templated":true}]}}