{"id":129032,"date":"2023-11-02T12:03:40","date_gmt":"2023-11-02T15:03:40","guid":{"rendered":"https:\/\/vinasfm.com\/noticias\/?p=129032"},"modified":"2023-11-06T08:54:13","modified_gmt":"2023-11-06T11:54:13","slug":"el-proximo-4-de-diciembre-asumiran-los-nuevos-miembros-del-hcd","status":"publish","type":"post","link":"https:\/\/vinasfm.com\/noticias\/el-proximo-4-de-diciembre-asumiran-los-nuevos-miembros-del-hcd\/","title":{"rendered":"EL PR\u00d3XIMO 4 DE DICIEMBRE ASUMIR\u00c1N LOS NUEVOS MIEMBROS DEL HCD"},"content":{"rendered":"<p><span style=\"color: #000000;\"><strong>El Honorable Concejo Deliberante renovar\u00e1 el 50% del cuerpo.<\/strong><\/span><\/p>\n<p><span style=\"color: #000000;\">La actual presidente del HCD, Mabel Uccelli, se\u00f1al\u00f3 que <strong>\u201c5 ediles dejar\u00e1n su banca y en su lugar ingresar\u00e1n quienes resultaron electos en las Elecciones Municipales\u201d.<\/strong> <em><u>Ariel Andres, Hebe Katzer<\/u><\/em> (PJ), <em><u>Patricia Salice, Jos\u00e9 Mor\u00e1n<\/u><\/em> <strong><em>\u00a0<\/em><\/strong>y la misma <u>Uccelli<\/u> (CM) son quienes dejar\u00e1n su cargo y en su lugar ingresar\u00e1n <em><u>Carlos Zalaz\u00e1r, Gisella Bello<\/u><\/em> (CM), <em><u>N\u00e9stor Ortega, \u00a0Mirta Mart\u00ednez<\/u><\/em> (LAUM) y <em><u>Florencia Escart\u00edn<\/u><\/em> (FE).<\/span><\/p>\n<p><span style=\"color: #000000;\">La renovaci\u00f3n de las bancas traer\u00e1 consigo cambios en la presidencia del cuerpo: <strong><em>\u201cRaquel Yunes ser\u00e1 quien presida el cuerpo hasta el pr\u00f3ximo 28 de febrero\u201d<\/em><\/strong> explic\u00f3 Uccelli y destac\u00f3 que <strong><em>\u201cser\u00e1 Yunes quien le tome el juramento a Alejandro Molero cuando asuma la Intendencia el 10 de diciembre\u201d.<\/em><\/strong><strong> \u00a0<\/strong><\/span><\/p>\n<p><span style=\"color: #000000;\">Por \u00faltimo, la hasta ahora presidente del HCD, subray\u00f3 que <strong><em>\u201clos nuevos concejales a\u00fan no han informado sobre la creaci\u00f3n de ning\u00fan nuevo bloque. Viendo los resultados de las Elecciones Municipales entendemos que habr\u00e1, al menos, un nuevo bloque y desde la presidencia se tendr\u00e1 que disponer de un espacio para su formaci\u00f3n\u201d. \u00a0<\/em><\/strong><\/span><\/p>\n<p><span style=\"color: #000000;\">Es importante recordar que cuando asuma Alejandro Molero, quien result\u00f3 electo Intendente, los nuevos ediles ya estar\u00e1n ocupando sus cargos.<\/span><\/p>\n","protected":false},"excerpt":{"rendered":"<p>El Honorable Concejo Deliberante renovar\u00e1 el 50% del cuerpo. La actual presidente del HCD, Mabel Uccelli, se\u00f1al\u00f3 que \u201c5 ediles dejar\u00e1n &#8230;<\/p>\n","protected":false},"author":7,"featured_media":129033,"comment_status":"open","ping_status":"open","sticky":false,"template":"","format":"standard","meta":{"footnotes":""},"categories":[5,26],"tags":[],"class_list":["post-129032","post","type-post","status-publish","format-standard","has-post-thumbnail","hentry","category-actualidad","category-hcd"],"_links":{"self":[{"href":"https:\/\/vinasfm.com\/noticias\/wp-json\/wp\/v2\/posts\/129032","targetHints":{"allow":["GET"]}}],"collection":[{"href":"https:\/\/vinasfm.com\/noticias\/wp-json\/wp\/v2\/posts"}],"about":[{"href":"https:\/\/vinasfm.com\/noticias\/wp-json\/wp\/v2\/types\/post"}],"author":[{"embeddable":true,"href":"https:\/\/vinasfm.com\/noticias\/wp-json\/wp\/v2\/users\/7"}],"replies":[{"embeddable":true,"href":"https:\/\/vinasfm.com\/noticias\/wp-json\/wp\/v2\/comments?post=129032"}],"version-history":[{"count":3,"href":"https:\/\/vinasfm.com\/noticias\/wp-json\/wp\/v2\/posts\/129032\/revisions"}],"predecessor-version":[{"id":129038,"href":"https:\/\/vinasfm.com\/noticias\/wp-json\/wp\/v2\/posts\/129032\/revisions\/129038"}],"wp:featuredmedia":[{"embeddable":true,"href":"https:\/\/vinasfm.com\/noticias\/wp-json\/wp\/v2\/media\/129033"}],"wp:attachment":[{"href":"https:\/\/vinasfm.com\/noticias\/wp-json\/wp\/v2\/media?parent=129032"}],"wp:term":[{"taxonomy":"category","embeddable":true,"href":"https:\/\/vinasfm.com\/noticias\/wp-json\/wp\/v2\/categories?post=129032"},{"taxonomy":"post_tag","embeddable":true,"href":"https:\/\/vinasfm.com\/noticias\/wp-json\/wp\/v2\/tags?post=129032"}],"curies":[{"name":"wp","href":"https:\/\/api.w.org\/{rel}","templated":true}]}}