{"id":128871,"date":"2023-10-30T10:20:08","date_gmt":"2023-10-30T13:20:08","guid":{"rendered":"https:\/\/vinasfm.com\/noticias\/?p=128871"},"modified":"2023-10-30T11:42:48","modified_gmt":"2023-10-30T14:42:48","slug":"walther-alvarez-continua-su-preparacion-para-subir-el-aconcagua","status":"publish","type":"post","link":"https:\/\/vinasfm.com\/noticias\/walther-alvarez-continua-su-preparacion-para-subir-el-aconcagua\/","title":{"rendered":"WALTHER ALVAREZ CONTIN\u00daA SU PREPARACI\u00d3N PARA SUBIR EL ACONCAGUA"},"content":{"rendered":"<h4>Luego de que fuera noticia en los medios provinciales y nacionales, Walther Alvarez el reconocido deportista alvearense sigue preparandose para subir el cerro m\u00e1s alto del hemisferio sur conocido como Aconcagua.<\/h4>\n<p>En el encuentro de todos los s\u00e1bados \u00abPuntos de vista\u00bb Walther hablo sobre las actividades que esta realizando para estar al 100%: <em><strong>&#8216;<span class=\"selectable-text copyable-text\"> el proyecto va muy bien, estamos organizando para realizar una proxima salida, en noviembre iremos a un cerro llamado \u00abLa Horqueta\u00bb el cual se hace en dos jornadas&#8217;\u00a0\u00a0<\/span><\/strong><\/em><\/p>\n<p><em><strong><span class=\"selectable-text copyable-text\">&#8216;En diciembre la idea es ir a Cordon de Plata que tiene 6000 metros y poder acampar, cabe destacar que para poder realizar esta actividad es necesario ir bien equipado en todo sentido, la idea es poder acampar mientras mas alto podamos acampar es mucho mejor&#8217;<\/span><\/strong><\/em><\/p>\n<p>Si bien en estas salidas van acompa\u00f1ados, Walther menciono el principal temor que lo acorrala: <em><strong>&#8216;Lo que mas preocupa es el fr\u00edo, uno si bien viene con mucha indumentaria y muy preparado pero lo m\u00e1s importante es ver cuanto aguanta nuestro cuerpo en la altura y con el fr\u00edo que se desprende desde lo m\u00e1s alto&#8217;<\/strong><\/em><\/p>\n","protected":false},"excerpt":{"rendered":"<p>Luego de que fuera noticia en los medios provinciales y nacionales, Walther Alvarez el reconocido deportista alvearense sigue preparandose para subir &#8230;<\/p>\n","protected":false},"author":7,"featured_media":128877,"comment_status":"open","ping_status":"open","sticky":false,"template":"","format":"standard","meta":{"footnotes":""},"categories":[5,3],"tags":[],"class_list":["post-128871","post","type-post","status-publish","format-standard","has-post-thumbnail","hentry","category-actualidad","category-deportes"],"_links":{"self":[{"href":"https:\/\/vinasfm.com\/noticias\/wp-json\/wp\/v2\/posts\/128871","targetHints":{"allow":["GET"]}}],"collection":[{"href":"https:\/\/vinasfm.com\/noticias\/wp-json\/wp\/v2\/posts"}],"about":[{"href":"https:\/\/vinasfm.com\/noticias\/wp-json\/wp\/v2\/types\/post"}],"author":[{"embeddable":true,"href":"https:\/\/vinasfm.com\/noticias\/wp-json\/wp\/v2\/users\/7"}],"replies":[{"embeddable":true,"href":"https:\/\/vinasfm.com\/noticias\/wp-json\/wp\/v2\/comments?post=128871"}],"version-history":[{"count":2,"href":"https:\/\/vinasfm.com\/noticias\/wp-json\/wp\/v2\/posts\/128871\/revisions"}],"predecessor-version":[{"id":128896,"href":"https:\/\/vinasfm.com\/noticias\/wp-json\/wp\/v2\/posts\/128871\/revisions\/128896"}],"wp:featuredmedia":[{"embeddable":true,"href":"https:\/\/vinasfm.com\/noticias\/wp-json\/wp\/v2\/media\/128877"}],"wp:attachment":[{"href":"https:\/\/vinasfm.com\/noticias\/wp-json\/wp\/v2\/media?parent=128871"}],"wp:term":[{"taxonomy":"category","embeddable":true,"href":"https:\/\/vinasfm.com\/noticias\/wp-json\/wp\/v2\/categories?post=128871"},{"taxonomy":"post_tag","embeddable":true,"href":"https:\/\/vinasfm.com\/noticias\/wp-json\/wp\/v2\/tags?post=128871"}],"curies":[{"name":"wp","href":"https:\/\/api.w.org\/{rel}","templated":true}]}}