{"id":128809,"date":"2023-10-27T09:54:02","date_gmt":"2023-10-27T12:54:02","guid":{"rendered":"https:\/\/vinasfm.com\/noticias\/?p=128809"},"modified":"2023-10-29T21:09:59","modified_gmt":"2023-10-30T00:09:59","slug":"se-esperan-fuertes-rafagas-de-viento-para-el-fin-de-semana","status":"publish","type":"post","link":"https:\/\/vinasfm.com\/noticias\/se-esperan-fuertes-rafagas-de-viento-para-el-fin-de-semana\/","title":{"rendered":"SE ESPERAN FUERTES R\u00c1FAGAS DE VIENTO PARA EL FIN DE SEMANA"},"content":{"rendered":"<p><span style=\"color: #000000;\"><strong>Al igual que lo hizo la<\/strong> <strong>Direcci\u00f3n de Contingencias Clim\u00e1ticas, la Direcci\u00f3n Defensa Civil\u00a0de General Alvear alert\u00f3 por el viendo con efecto Zonda. <\/strong><\/span><\/p>\n<p><span style=\"color: #000000;\">Adolfo Valverde, Director de Defensa Civil, se\u00f1al\u00f3 que <strong><em>\u201cel d\u00eda s\u00e1bado tendremos ocurrencia de viento Zonda en toda la provincia, por lo tanto se espera que sea una jornada complicada\u201d.<\/em> <\/strong>Se estima que ser\u00e1n r\u00e1fagas de viento de entre 60 y 70 km\/h, que en General Alvear se sentir\u00e1n desde el medio d\u00eda del viernes y se extender\u00e1n hasta largas horas de la noche.<\/span><\/p>\n<p><a href=\"https:\/\/vinasfm.com\/noticias\/wp-content\/uploads\/2023\/10\/c09c9a5e-c913-4357-a053-e1d74d96cbeb.jpg\"><img loading=\"lazy\" decoding=\"async\" class=\"alignnone wp-image-128816\" src=\"https:\/\/vinasfm.com\/noticias\/wp-content\/uploads\/2023\/10\/c09c9a5e-c913-4357-a053-e1d74d96cbeb.jpg\" alt=\"\" width=\"500\" height=\"500\" srcset=\"https:\/\/vinasfm.com\/noticias\/wp-content\/uploads\/2023\/10\/c09c9a5e-c913-4357-a053-e1d74d96cbeb.jpg 1132w, https:\/\/vinasfm.com\/noticias\/wp-content\/uploads\/2023\/10\/c09c9a5e-c913-4357-a053-e1d74d96cbeb-300x300.jpg 300w, https:\/\/vinasfm.com\/noticias\/wp-content\/uploads\/2023\/10\/c09c9a5e-c913-4357-a053-e1d74d96cbeb-1024x1024.jpg 1024w, https:\/\/vinasfm.com\/noticias\/wp-content\/uploads\/2023\/10\/c09c9a5e-c913-4357-a053-e1d74d96cbeb-150x150.jpg 150w, https:\/\/vinasfm.com\/noticias\/wp-content\/uploads\/2023\/10\/c09c9a5e-c913-4357-a053-e1d74d96cbeb-768x769.jpg 768w, https:\/\/vinasfm.com\/noticias\/wp-content\/uploads\/2023\/10\/c09c9a5e-c913-4357-a053-e1d74d96cbeb-360x360.jpg 360w, https:\/\/vinasfm.com\/noticias\/wp-content\/uploads\/2023\/10\/c09c9a5e-c913-4357-a053-e1d74d96cbeb-750x750.jpg 750w\" sizes=\"auto, (max-width: 500px) 100vw, 500px\" \/><\/a><\/p>\n<p><span style=\"color: #000000;\"><strong><em>\u201cCon la intensi\u00f3n de evitar cualquier tipo de inconvenientes, se ha dispuesto de una cuadrilla de Obras y Servicios P\u00fablicos\u201d<\/em><\/strong>, anunci\u00f3 Valverde. Adem\u00e1s, estar\u00e1n a disposici\u00f3n los n\u00fameros de emergencia: 911 (Polic\u00eda) y 2625-668303 (Defensa Civil).<\/span><\/p>\n<p><a href=\"https:\/\/vinasfm.com\/noticias\/wp-content\/uploads\/2023\/10\/b0a25b9e-4bd7-4108-a6d4-9a2b04ce05a2.jpg\"><img loading=\"lazy\" decoding=\"async\" class=\"alignnone wp-image-128812\" src=\"https:\/\/vinasfm.com\/noticias\/wp-content\/uploads\/2023\/10\/b0a25b9e-4bd7-4108-a6d4-9a2b04ce05a2-990x1024.jpg\" alt=\"\" width=\"500\" height=\"517\" srcset=\"https:\/\/vinasfm.com\/noticias\/wp-content\/uploads\/2023\/10\/b0a25b9e-4bd7-4108-a6d4-9a2b04ce05a2-990x1024.jpg 990w, https:\/\/vinasfm.com\/noticias\/wp-content\/uploads\/2023\/10\/b0a25b9e-4bd7-4108-a6d4-9a2b04ce05a2-290x300.jpg 290w, https:\/\/vinasfm.com\/noticias\/wp-content\/uploads\/2023\/10\/b0a25b9e-4bd7-4108-a6d4-9a2b04ce05a2-768x794.jpg 768w, https:\/\/vinasfm.com\/noticias\/wp-content\/uploads\/2023\/10\/b0a25b9e-4bd7-4108-a6d4-9a2b04ce05a2-1485x1536.jpg 1485w, https:\/\/vinasfm.com\/noticias\/wp-content\/uploads\/2023\/10\/b0a25b9e-4bd7-4108-a6d4-9a2b04ce05a2.jpg 1547w\" sizes=\"auto, (max-width: 500px) 100vw, 500px\" \/><\/a><\/p>\n<p><span style=\"color: #000000;\"><em><strong>\u201cSi bien son pron\u00f3sticos, que pueden cumplirse, atrasarse o adelantarse; recomendamos que realizan todas las actividades en horas de la ma\u00f1ana y suspendan actividades en horas de la tarde\u201d<\/strong><\/em>, se\u00f1al\u00f3 el Director de Defensa Civil. Tambi\u00e9n se recomienda no estar al aire libre durante las horas de viento y sobre todo no circular por zonas muy arboladas, como la Diag. Carlos Pellegrini.<\/span><\/p>\n","protected":false},"excerpt":{"rendered":"<p>Al igual que lo hizo la Direcci\u00f3n de Contingencias Clim\u00e1ticas, la Direcci\u00f3n Defensa Civil\u00a0de General Alvear alert\u00f3 por el viendo con &#8230;<\/p>\n","protected":false},"author":7,"featured_media":128810,"comment_status":"open","ping_status":"open","sticky":false,"template":"","format":"standard","meta":{"footnotes":""},"categories":[5,17],"tags":[],"class_list":["post-128809","post","type-post","status-publish","format-standard","has-post-thumbnail","hentry","category-actualidad","category-clima"],"_links":{"self":[{"href":"https:\/\/vinasfm.com\/noticias\/wp-json\/wp\/v2\/posts\/128809","targetHints":{"allow":["GET"]}}],"collection":[{"href":"https:\/\/vinasfm.com\/noticias\/wp-json\/wp\/v2\/posts"}],"about":[{"href":"https:\/\/vinasfm.com\/noticias\/wp-json\/wp\/v2\/types\/post"}],"author":[{"embeddable":true,"href":"https:\/\/vinasfm.com\/noticias\/wp-json\/wp\/v2\/users\/7"}],"replies":[{"embeddable":true,"href":"https:\/\/vinasfm.com\/noticias\/wp-json\/wp\/v2\/comments?post=128809"}],"version-history":[{"count":5,"href":"https:\/\/vinasfm.com\/noticias\/wp-json\/wp\/v2\/posts\/128809\/revisions"}],"predecessor-version":[{"id":128822,"href":"https:\/\/vinasfm.com\/noticias\/wp-json\/wp\/v2\/posts\/128809\/revisions\/128822"}],"wp:featuredmedia":[{"embeddable":true,"href":"https:\/\/vinasfm.com\/noticias\/wp-json\/wp\/v2\/media\/128810"}],"wp:attachment":[{"href":"https:\/\/vinasfm.com\/noticias\/wp-json\/wp\/v2\/media?parent=128809"}],"wp:term":[{"taxonomy":"category","embeddable":true,"href":"https:\/\/vinasfm.com\/noticias\/wp-json\/wp\/v2\/categories?post=128809"},{"taxonomy":"post_tag","embeddable":true,"href":"https:\/\/vinasfm.com\/noticias\/wp-json\/wp\/v2\/tags?post=128809"}],"curies":[{"name":"wp","href":"https:\/\/api.w.org\/{rel}","templated":true}]}}