{"id":128804,"date":"2023-10-27T09:27:33","date_gmt":"2023-10-27T12:27:33","guid":{"rendered":"https:\/\/vinasfm.com\/noticias\/?p=128804"},"modified":"2023-10-30T09:04:21","modified_gmt":"2023-10-30T12:04:21","slug":"paritarias-2023-el-gobierno-mantuvo-una-reunion-con-ampros","status":"publish","type":"post","link":"https:\/\/vinasfm.com\/noticias\/paritarias-2023-el-gobierno-mantuvo-una-reunion-con-ampros\/","title":{"rendered":"PARITARIAS 2023: EL GOBIERNO MANTUVO UNA REUNI\u00d3N CON AMPROS"},"content":{"rendered":"<p><span style=\"color: #000000;\"><strong>El Gobierno provincial mantuvo una nueva reuni\u00f3n de paritarias este jueves 26. En esta oportunidad, el di\u00e1logo fue con los representantes gremiales de los profesionales de la salud, Ampros.<\/strong><\/span><\/p>\n<p><span style=\"color: #000000;\">Es importante se\u00f1alar que el Ejecutivo provincial comenz\u00f3 las negociaciones paritarias en las fechas originalmente pactadas con los gremios y, en esta jornada, estuvieron presentes los representantes de Ampros, que nuclean a los profesionales de la salud.<\/span><\/p>\n<p><span style=\"color: #000000;\">En este nuevo encuentro, la oferta presentada considera los efectos negativos sobre las finanzas provinciales que tendr\u00e1n las recientes modificaciones en la pol\u00edtica tributaria nacional y es obligaci\u00f3n del Estado tomar en cuenta su repercusi\u00f3n a fin de asegurar el pago de los salarios. El incremento de 10% al b\u00e1sico ofrecido para noviembre y diciembre se plantea, asimismo, en v\u00edsperas de un escenario electoral nacional cuyo resultado no ser\u00e1 neutral para el escenario macroecon\u00f3mico.<\/span><\/p>\n<p><span style=\"color: #000000;\">La subsecretaria de Gesti\u00f3n P\u00fablica y Modernizaci\u00f3n del Estado, Beatriz Mart\u00ednez, indic\u00f3: <em><strong>\u201cNos reunimos con los representantes de los profesionales de la salud y les transmitimos la propuesta b\u00e1sica que se ha hecho al resto de los gremios de un incremento de 10% sobre la asignaci\u00f3n de clase para noviembre y diciembre. El gremio nos ha acercado una serie de solicitudes para trabajar en la pr\u00f3xima mesa ,y es por ello que se los ha convocado a una mesa t\u00e9cnica para este viernes 27, en el Ministerio de Salud, para trabajar en las inquietudes transmitidas por Ampros. Tambi\u00e9n se fij\u00f3 una nueva audiencia paritaria para el 3 de noviembre a las 9\u201d.<\/strong><\/em><\/span><\/p>\n","protected":false},"excerpt":{"rendered":"<p>El Gobierno provincial mantuvo una nueva reuni\u00f3n de paritarias este jueves 26. En esta oportunidad, el di\u00e1logo fue con los representantes &#8230;<\/p>\n","protected":false},"author":7,"featured_media":128805,"comment_status":"open","ping_status":"open","sticky":false,"template":"","format":"standard","meta":{"footnotes":""},"categories":[5,172],"tags":[],"class_list":["post-128804","post","type-post","status-publish","format-standard","has-post-thumbnail","hentry","category-actualidad","category-paritarias"],"_links":{"self":[{"href":"https:\/\/vinasfm.com\/noticias\/wp-json\/wp\/v2\/posts\/128804","targetHints":{"allow":["GET"]}}],"collection":[{"href":"https:\/\/vinasfm.com\/noticias\/wp-json\/wp\/v2\/posts"}],"about":[{"href":"https:\/\/vinasfm.com\/noticias\/wp-json\/wp\/v2\/types\/post"}],"author":[{"embeddable":true,"href":"https:\/\/vinasfm.com\/noticias\/wp-json\/wp\/v2\/users\/7"}],"replies":[{"embeddable":true,"href":"https:\/\/vinasfm.com\/noticias\/wp-json\/wp\/v2\/comments?post=128804"}],"version-history":[{"count":1,"href":"https:\/\/vinasfm.com\/noticias\/wp-json\/wp\/v2\/posts\/128804\/revisions"}],"predecessor-version":[{"id":128806,"href":"https:\/\/vinasfm.com\/noticias\/wp-json\/wp\/v2\/posts\/128804\/revisions\/128806"}],"wp:featuredmedia":[{"embeddable":true,"href":"https:\/\/vinasfm.com\/noticias\/wp-json\/wp\/v2\/media\/128805"}],"wp:attachment":[{"href":"https:\/\/vinasfm.com\/noticias\/wp-json\/wp\/v2\/media?parent=128804"}],"wp:term":[{"taxonomy":"category","embeddable":true,"href":"https:\/\/vinasfm.com\/noticias\/wp-json\/wp\/v2\/categories?post=128804"},{"taxonomy":"post_tag","embeddable":true,"href":"https:\/\/vinasfm.com\/noticias\/wp-json\/wp\/v2\/tags?post=128804"}],"curies":[{"name":"wp","href":"https:\/\/api.w.org\/{rel}","templated":true}]}}