{"id":128802,"date":"2023-10-27T09:14:31","date_gmt":"2023-10-27T12:14:31","guid":{"rendered":"https:\/\/vinasfm.com\/noticias\/?p=128802"},"modified":"2023-10-30T09:04:44","modified_gmt":"2023-10-30T12:04:44","slug":"en-una-nueva-sesion-ordinaria-del-hcd-vecinos-de-los-barrios-el-nevado-don-valentin-el-juncalito-y-malvinas-reclamaron-por-de","status":"publish","type":"post","link":"https:\/\/vinasfm.com\/noticias\/en-una-nueva-sesion-ordinaria-del-hcd-vecinos-de-los-barrios-el-nevado-don-valentin-el-juncalito-y-malvinas-reclamaron-por-de\/","title":{"rendered":"EN UNA NUEVA SESI\u00d3N ORDINARIA DEL HCD, VECINOS DE LOS BARRIOS \u201cEL NEVADO\u201d, \u201cDON VALENT\u00cdN\u201d, \u201cEL JUNCALITO\u201d Y \u201cMALVINAS\u201d RECLAMARON POR DEFICIENCIAS EN LAS VIVIENDAS"},"content":{"rendered":"<p><span style=\"color: #000000;\"><strong>En representaci\u00f3n de los vecinos, Paola Ord\u00f3\u00f1ez hizo uso de la Banca del Ciudadano.<\/strong><\/span><\/p>\n<p><span style=\"color: #000000;\">Se tratan de 4 barrios entregados recientemente, en donde viven cerca de 150 familias. <strong><em>\u201cHemos asistido al HCD para que los concejales conozcan las problem\u00e1ticas que tenemos en las viviendas\u201d<\/em><\/strong>, inform\u00f3 Ord\u00f3\u00f1ez a la prensa. \u00a0En su testimonio, indic\u00f3 que <strong><em>\u201chay problemas en los termosolares, se est\u00e1n despegando las puertas, las paredes se han agrietado y las cer\u00e1micas se est\u00e1n rompiendo\u201d. <\/em><\/strong><\/span><\/p>\n<p><span style=\"color: #000000;\">Los vecinos se\u00f1alaron que, mientras empeora la situaci\u00f3n edilicia de las viviendas, siguen pagando las cuotas; sin embargo acordaron no continuar con el pago hasta encontrar una soluci\u00f3n satisfactoria<strong><em>. \u201cDe qu\u00e9 nos sirve pagar una vivienda en donde no se puede vivir c\u00f3modamente\u201d<\/em><\/strong>, se\u00f1alaron.<\/span><\/p>\n<p><span style=\"color: #000000;\">En busca de una soluci\u00f3n, los ediles acordaron <strong><em>\u201cpedir un informe al IPV y desde ah\u00ed visitar a los vecinos para ser testigos de esta realidad\u201d. <\/em><\/strong>El Instituto Provincial de la Vivienda es el encargado de controlar que los barrios se encuentren en condiciones y, si bien han expuesto las problem\u00e1ticas mencionadas, argumentan que <strong><em>\u201cAlvear tiene condiciones especiales para la tipolog\u00eda de la vivienda y hay detalles que deben ser tomados en cuenta\u201d.<\/em><\/strong><\/span><\/p>\n<p><span style=\"color: #000000;\">Mientras siguen a la espera de una respuesta, los vecinos de los barrios \u201cEl Nevado\u201d, \u201cDon Valent\u00edn\u201d, \u201cEl Juncalito\u201d y \u201cMalvinas\u201d deber\u00e1n seguir viviendo en estas condiciones. Paola Ord\u00f3\u00f1ez fue contundente; <strong><em>\u201cNo es un tema de divisi\u00f3n pol\u00edtica, es una problem\u00e1tica que est\u00e1 afectando gravemente a los vecinos\u201d.<\/em><\/strong><\/span><\/p>\n","protected":false},"excerpt":{"rendered":"<p>En representaci\u00f3n de los vecinos, Paola Ord\u00f3\u00f1ez hizo uso de la Banca del Ciudadano. Se tratan de 4 barrios entregados recientemente, &#8230;<\/p>\n","protected":false},"author":7,"featured_media":128795,"comment_status":"open","ping_status":"open","sticky":false,"template":"","format":"standard","meta":{"footnotes":""},"categories":[5,26],"tags":[],"class_list":["post-128802","post","type-post","status-publish","format-standard","has-post-thumbnail","hentry","category-actualidad","category-hcd"],"_links":{"self":[{"href":"https:\/\/vinasfm.com\/noticias\/wp-json\/wp\/v2\/posts\/128802","targetHints":{"allow":["GET"]}}],"collection":[{"href":"https:\/\/vinasfm.com\/noticias\/wp-json\/wp\/v2\/posts"}],"about":[{"href":"https:\/\/vinasfm.com\/noticias\/wp-json\/wp\/v2\/types\/post"}],"author":[{"embeddable":true,"href":"https:\/\/vinasfm.com\/noticias\/wp-json\/wp\/v2\/users\/7"}],"replies":[{"embeddable":true,"href":"https:\/\/vinasfm.com\/noticias\/wp-json\/wp\/v2\/comments?post=128802"}],"version-history":[{"count":1,"href":"https:\/\/vinasfm.com\/noticias\/wp-json\/wp\/v2\/posts\/128802\/revisions"}],"predecessor-version":[{"id":128803,"href":"https:\/\/vinasfm.com\/noticias\/wp-json\/wp\/v2\/posts\/128802\/revisions\/128803"}],"wp:featuredmedia":[{"embeddable":true,"href":"https:\/\/vinasfm.com\/noticias\/wp-json\/wp\/v2\/media\/128795"}],"wp:attachment":[{"href":"https:\/\/vinasfm.com\/noticias\/wp-json\/wp\/v2\/media?parent=128802"}],"wp:term":[{"taxonomy":"category","embeddable":true,"href":"https:\/\/vinasfm.com\/noticias\/wp-json\/wp\/v2\/categories?post=128802"},{"taxonomy":"post_tag","embeddable":true,"href":"https:\/\/vinasfm.com\/noticias\/wp-json\/wp\/v2\/tags?post=128802"}],"curies":[{"name":"wp","href":"https:\/\/api.w.org\/{rel}","templated":true}]}}