{"id":128791,"date":"2023-10-27T08:18:43","date_gmt":"2023-10-27T11:18:43","guid":{"rendered":"https:\/\/vinasfm.com\/noticias\/?p=128791"},"modified":"2023-10-27T11:17:59","modified_gmt":"2023-10-27T14:17:59","slug":"mendoza-elegira-al-equipo-que-realizara-la-fiesta-nacional-de-la-vendimia-2024","status":"publish","type":"post","link":"https:\/\/vinasfm.com\/noticias\/mendoza-elegira-al-equipo-que-realizara-la-fiesta-nacional-de-la-vendimia-2024\/","title":{"rendered":"MENDOZA ELEGIR\u00c1 AL EQUIPO QUE REALIZAR\u00c1 LA FIESTA NACIONAL DE LA VENDIMIA 2024"},"content":{"rendered":"<p><strong><span style=\"color: #000000;\">Este fin de semana se realizan los coloquios que permitir\u00e1n definir el equipo que realizar\u00e1 el Acto Central y las repeticiones de la Fiesta de la Vendimia 2024. Se desarrollar\u00e1n en la Sala Vilma R\u00fapolo del Espacio Cultural Julio Le Parc, el s\u00e1bado 28 y el domingo 29 de octubre, de 9 a 18, con acceso abierto al p\u00fablico.<\/span><\/strong><\/p>\n<p><span style=\"color: #000000;\">El Ministerio de Cultura y Turismo trabaja en la instancia de coloquio, donde se expondr\u00e1n las cinco propuestas art\u00edsticas en carrera para el Acto Central, Segunda y Tercera Noche de la Fiesta Nacional de la Vendimia 2024. Se trata del paso final del Concurso P\u00fablico de la Propuesta de Guion, con su correspondiente s\u00edntesis argumental incluida, propuesta y\/o proyecto para la realizaci\u00f3n de la escenograf\u00eda, direcci\u00f3n art\u00edstica de la puesta en escena y equipo art\u00edstico de la fiesta declarada, seg\u00fan Ley 6973, Patrimonio Cultural de la provincia.<\/span><\/p>\n<p><span style=\"color: #000000;\">Al respecto, la ministra Vicario coment\u00f3: <strong><em>\u201cCada paso que nos acerca nuestra Vendimia es motivo de festejo. Esta no es la excepci\u00f3n. Los coloquios son una de las instancias m\u00e1s valiosas, en el que la comunidad art\u00edstica despliega creatividad, experiencia y pasi\u00f3n por la fiesta mayor de los mendocinos. Es aqu\u00ed donde un prestigioso jurado elegir\u00e1 al equipo que ser\u00e1 ni m\u00e1s ni menos el responsable de dirigir\u00a0el espect\u00e1culo del Frank Romero Day, en marzo\u201d.<\/em><\/strong><\/span><\/p>\n<p><span style=\"color: #000000;\">Tras finalizar las etapas de recepci\u00f3n de proyectos y apertura de sobres, se presentaron nueve equipos postulantes. Luego de una evaluaci\u00f3n previa del jurado, cinco equipos llegaron a la instancia de coloquio.<\/span><\/p>\n<h2><span style=\"color: #000000;\"><strong>Los equipos participantes son:<\/strong><\/span><\/h2>\n<ul>\n<li><span style=\"color: #000000;\"><em>En la tierra del sol<\/em>, encabezado por Walter Neira en la direcci\u00f3n general y Sabrina Fabuel como productora ejecutiva.<\/span><\/li>\n<li><span style=\"color: #000000;\"><em>Vino joven con aroma ancestral<\/em>, de Alejandro Conte y Cecilia Herrera a la cabeza de la direcci\u00f3n general y la producci\u00f3n ejecutiva de Lourdes Aybar.<\/span><\/li>\n<li><span style=\"color: #000000;\"><em>Vendimia de las puertas m\u00e1gicas<\/em>, bajo la direcci\u00f3n de Virginia Paes y Federico Castro y, como productora ejecutiva, Laura Rodr\u00edguez.<\/span><\/li>\n<li><span style=\"color: #000000;\"><em>Coronados de historia y futuro<\/em>, con la direcci\u00f3n general de Pablo Perri y la producci\u00f3n ejecutiva de Walter Ulloa.<\/span><\/li>\n<li><span style=\"color: #000000;\"><em>Vendimia para la tierra que amo<\/em>, de Gonzalo Palacios en la direcci\u00f3n general y Sergio Gras como productor ejecutivo.<\/span><\/li>\n<\/ul>\n<h2><span style=\"color: #000000;\"><strong>El jurado<\/strong><\/span><\/h2>\n<p><span style=\"color: #000000;\">Est\u00e1 conformado por un representante de cada organismo e instituci\u00f3n interviniente en la Fiesta Nacional de la Vendimia y lo integran 14 miembros con derecho a voto.<\/span><\/p>\n<p><span style=\"color: #000000;\">Los integrantes del jurado son, por el Ministerio de Cultura y Turismo, Florencia R\u00edos; Fernando Gamez, por el \u00c1rea T\u00e9cnica y Franco Marchionni, en Historia y Antropolog\u00eda; Rolando Valverde, en representaci\u00f3n de Infraestructura de la Provincia, y Laura Uano, como representante de directores de Cultura de los departamentos.<\/span><\/p>\n<p><span style=\"color: #000000;\">Se suman, por la Facultad de Artes y Dise\u00f1o de la UNCuyo, Eduardo Grzona; Nicolas Gim\u00e9nez, por Argentores Delegaci\u00f3n Mendoza; Pedro Marabini, por exdirectores de la Fiesta Nacional de la Vendimia; Nora Urcullu, como representante elegida de mutuo acuerdo por la Corenave (Comisi\u00f3n de Reinas Nacionales de la Vendimia) y la Covinave (Comisi\u00f3n de Virreinas Nacionales de la Vendimia).<\/span><\/p>\n<p><span style=\"color: #000000;\">Completan el jurado Andr\u00e9s Garbin, como representante de Hacedores Vendimiales por Foro de Vendimia, propuesta entre los asistentes de los foros; Adri\u00e1n Biasiori, por\u00a0<em>Canal Acequia<\/em>, designado por el propio organismo; un representante de las asociaciones de danza vigentes y con personer\u00eda jur\u00eddica certificada ante el Ministerio de Cultura y Turismo: Sara Ver\u00f3n (Asociaci\u00f3n Mendocina de Profesionales de la Danza), Patricia Motos (Asociaci\u00f3n Civil Movimiento por la Danza), Ana Ortolani (Asociaci\u00f3n So\u00f1arte) y Luc\u00eda Gu\u00ed\u00f1ez (Asociaci\u00f3n Uco-Hu\u00e9); un representante de las asociaciones y\/o sindicatos de m\u00fasicos vigentes y con personer\u00eda jur\u00eddica certificada ante el Ministerio de Cultura y Turismo, Ra\u00fal Riveros (Movimiento Independiente de M\u00fasicos Mendocinos) y Daniela Bajuk (Asociaci\u00f3n M\u00fasicos de Cuyo), y Julieta Gentile, por la Asociaci\u00f3n Argentina de Actores Delegaci\u00f3n Mendoza, designada por la propia asociaci\u00f3n.<\/span><\/p>\n","protected":false},"excerpt":{"rendered":"<p>Este fin de semana se realizan los coloquios que permitir\u00e1n definir el equipo que realizar\u00e1 el Acto Central y las repeticiones &#8230;<\/p>\n","protected":false},"author":7,"featured_media":128792,"comment_status":"open","ping_status":"open","sticky":false,"template":"","format":"standard","meta":{"footnotes":""},"categories":[5,25],"tags":[],"class_list":["post-128791","post","type-post","status-publish","format-standard","has-post-thumbnail","hentry","category-actualidad","category-vendimia"],"_links":{"self":[{"href":"https:\/\/vinasfm.com\/noticias\/wp-json\/wp\/v2\/posts\/128791","targetHints":{"allow":["GET"]}}],"collection":[{"href":"https:\/\/vinasfm.com\/noticias\/wp-json\/wp\/v2\/posts"}],"about":[{"href":"https:\/\/vinasfm.com\/noticias\/wp-json\/wp\/v2\/types\/post"}],"author":[{"embeddable":true,"href":"https:\/\/vinasfm.com\/noticias\/wp-json\/wp\/v2\/users\/7"}],"replies":[{"embeddable":true,"href":"https:\/\/vinasfm.com\/noticias\/wp-json\/wp\/v2\/comments?post=128791"}],"version-history":[{"count":1,"href":"https:\/\/vinasfm.com\/noticias\/wp-json\/wp\/v2\/posts\/128791\/revisions"}],"predecessor-version":[{"id":128793,"href":"https:\/\/vinasfm.com\/noticias\/wp-json\/wp\/v2\/posts\/128791\/revisions\/128793"}],"wp:featuredmedia":[{"embeddable":true,"href":"https:\/\/vinasfm.com\/noticias\/wp-json\/wp\/v2\/media\/128792"}],"wp:attachment":[{"href":"https:\/\/vinasfm.com\/noticias\/wp-json\/wp\/v2\/media?parent=128791"}],"wp:term":[{"taxonomy":"category","embeddable":true,"href":"https:\/\/vinasfm.com\/noticias\/wp-json\/wp\/v2\/categories?post=128791"},{"taxonomy":"post_tag","embeddable":true,"href":"https:\/\/vinasfm.com\/noticias\/wp-json\/wp\/v2\/tags?post=128791"}],"curies":[{"name":"wp","href":"https:\/\/api.w.org\/{rel}","templated":true}]}}