{"id":128723,"date":"2023-10-25T12:19:52","date_gmt":"2023-10-25T15:19:52","guid":{"rendered":"https:\/\/vinasfm.com\/noticias\/?p=128723"},"modified":"2023-10-26T10:28:45","modified_gmt":"2023-10-26T13:28:45","slug":"cambia-mendoza-decidio-no-acompanar-a-ninguno-de-los-candidatos-presidenciales-en-el-balojate","status":"publish","type":"post","link":"https:\/\/vinasfm.com\/noticias\/cambia-mendoza-decidio-no-acompanar-a-ninguno-de-los-candidatos-presidenciales-en-el-balojate\/","title":{"rendered":"CAMBIA MENDOZA DECIDI\u00d3 NO ACOMPA\u00d1AR A NINGUNO DE LOS CANDIDATOS PRESIDENCIALES EN EL BALOJATE"},"content":{"rendered":"<p><strong>El oficialismo mendocino se declar\u00f3 neutral en la segunda vuelta. La decisi\u00f3n se conoci\u00f3 por medio de un comunicado que fue difundido este mi\u00e9rcoles.\u00a0<\/strong><\/p>\n<p><em><strong>\u201cHemos decidido no acompa\u00f1ar ning\u00fan proyecto pol\u00edtico de los candidatos a presidente de la Argentina\u201d<\/strong><\/em>, es la frase que destaca en el contundente comunicado que lleva la firma de los principales referentes de Cambia Mendoza: Rodolfo Suarez y Alfredo Cornejo.<\/p>\n<p><strong><em>\u201cNuestro deber no es determinar qui\u00e9n ser\u00e1 el pr\u00f3ximo mandatario, sino constituirnos como una oposici\u00f3n con presencia territorial, dedicada a proteger las instituciones y supervisar al gobierno que resulte electo el pr\u00f3ximo 19 de noviembre\u201d<\/em><\/strong>, agrega la nota que tambi\u00e9n rubricaron\u00a0<strong>Mario Abed y Hebe Casado, adem\u00e1s de los intendentes actuales y electos de Cambia Mendoza.<\/strong><\/p>\n<p>Por su parte, Alejandro Molero expres\u00f3 <a href=\"https:\/\/twitter.com\/janymolero2023\/status\/1717182707761815955\">v\u00eda X<\/a>: <strong><em>\u00abTrabajaremos incansablemente para fortalecer nuestra alternativa y ser garant\u00eda del control republicano. Confiamos en la sabidur\u00eda de los mendocinos en el pr\u00f3ximo balotaje\u00bb.<\/em><\/strong><\/p>\n<p>De esta manera, el oficialismo mendocino se declar\u00f3 neutral para la segunda vuelta presidencial, que enfrentar\u00e1 a\u00a0<strong>Sergio Massa<\/strong>\u00a0(Uni\u00f3n por la Patria) y\u00a0<strong>Javier Milei<\/strong>\u00a0(La Libertad Avanza).<\/p>\n<h2>EL COMUNICADO:<\/h2>\n<p><a href=\"https:\/\/vinasfm.com\/noticias\/wp-content\/uploads\/2023\/10\/WhatsApp-Image-2023-10-25-at-11.05.17.jpeg\"><img loading=\"lazy\" decoding=\"async\" class=\"alignnone wp-image-128725\" src=\"https:\/\/vinasfm.com\/noticias\/wp-content\/uploads\/2023\/10\/WhatsApp-Image-2023-10-25-at-11.05.17-655x1024.jpeg\" alt=\"\" width=\"500\" height=\"782\" srcset=\"https:\/\/vinasfm.com\/noticias\/wp-content\/uploads\/2023\/10\/WhatsApp-Image-2023-10-25-at-11.05.17-655x1024.jpeg 655w, https:\/\/vinasfm.com\/noticias\/wp-content\/uploads\/2023\/10\/WhatsApp-Image-2023-10-25-at-11.05.17-192x300.jpeg 192w, https:\/\/vinasfm.com\/noticias\/wp-content\/uploads\/2023\/10\/WhatsApp-Image-2023-10-25-at-11.05.17-768x1202.jpeg 768w, https:\/\/vinasfm.com\/noticias\/wp-content\/uploads\/2023\/10\/WhatsApp-Image-2023-10-25-at-11.05.17.jpeg 799w\" sizes=\"auto, (max-width: 500px) 100vw, 500px\" \/><\/a><\/p>\n<p><a href=\"https:\/\/vinasfm.com\/noticias\/wp-content\/uploads\/2023\/10\/WhatsApp-Image-2023-10-25-at-11.05.18.jpeg\"><img loading=\"lazy\" decoding=\"async\" class=\"alignnone wp-image-128724\" src=\"https:\/\/vinasfm.com\/noticias\/wp-content\/uploads\/2023\/10\/WhatsApp-Image-2023-10-25-at-11.05.18-747x1024.jpeg\" alt=\"\" width=\"500\" height=\"685\" srcset=\"https:\/\/vinasfm.com\/noticias\/wp-content\/uploads\/2023\/10\/WhatsApp-Image-2023-10-25-at-11.05.18-747x1024.jpeg 747w, https:\/\/vinasfm.com\/noticias\/wp-content\/uploads\/2023\/10\/WhatsApp-Image-2023-10-25-at-11.05.18-219x300.jpeg 219w, https:\/\/vinasfm.com\/noticias\/wp-content\/uploads\/2023\/10\/WhatsApp-Image-2023-10-25-at-11.05.18-768x1053.jpeg 768w, https:\/\/vinasfm.com\/noticias\/wp-content\/uploads\/2023\/10\/WhatsApp-Image-2023-10-25-at-11.05.18.jpeg 836w\" sizes=\"auto, (max-width: 500px) 100vw, 500px\" \/><\/a><\/p>\n","protected":false},"excerpt":{"rendered":"<p>El oficialismo mendocino se declar\u00f3 neutral en la segunda vuelta. La decisi\u00f3n se conoci\u00f3 por medio de un comunicado que fue &#8230;<\/p>\n","protected":false},"author":7,"featured_media":128726,"comment_status":"open","ping_status":"open","sticky":false,"template":"","format":"standard","meta":{"footnotes":""},"categories":[5,7],"tags":[],"class_list":["post-128723","post","type-post","status-publish","format-standard","has-post-thumbnail","hentry","category-actualidad","category-politica"],"_links":{"self":[{"href":"https:\/\/vinasfm.com\/noticias\/wp-json\/wp\/v2\/posts\/128723","targetHints":{"allow":["GET"]}}],"collection":[{"href":"https:\/\/vinasfm.com\/noticias\/wp-json\/wp\/v2\/posts"}],"about":[{"href":"https:\/\/vinasfm.com\/noticias\/wp-json\/wp\/v2\/types\/post"}],"author":[{"embeddable":true,"href":"https:\/\/vinasfm.com\/noticias\/wp-json\/wp\/v2\/users\/7"}],"replies":[{"embeddable":true,"href":"https:\/\/vinasfm.com\/noticias\/wp-json\/wp\/v2\/comments?post=128723"}],"version-history":[{"count":4,"href":"https:\/\/vinasfm.com\/noticias\/wp-json\/wp\/v2\/posts\/128723\/revisions"}],"predecessor-version":[{"id":128777,"href":"https:\/\/vinasfm.com\/noticias\/wp-json\/wp\/v2\/posts\/128723\/revisions\/128777"}],"wp:featuredmedia":[{"embeddable":true,"href":"https:\/\/vinasfm.com\/noticias\/wp-json\/wp\/v2\/media\/128726"}],"wp:attachment":[{"href":"https:\/\/vinasfm.com\/noticias\/wp-json\/wp\/v2\/media?parent=128723"}],"wp:term":[{"taxonomy":"category","embeddable":true,"href":"https:\/\/vinasfm.com\/noticias\/wp-json\/wp\/v2\/categories?post=128723"},{"taxonomy":"post_tag","embeddable":true,"href":"https:\/\/vinasfm.com\/noticias\/wp-json\/wp\/v2\/tags?post=128723"}],"curies":[{"name":"wp","href":"https:\/\/api.w.org\/{rel}","templated":true}]}}