{"id":128716,"date":"2023-10-25T11:18:12","date_gmt":"2023-10-25T14:18:12","guid":{"rendered":"https:\/\/vinasfm.com\/noticias\/?p=128716"},"modified":"2023-10-26T09:48:38","modified_gmt":"2023-10-26T12:48:38","slug":"torneo-regional-por-irregularidades-de-la-liga-sanrafaelina-de-futbol-se-posterga-el-inicio","status":"publish","type":"post","link":"https:\/\/vinasfm.com\/noticias\/torneo-regional-por-irregularidades-de-la-liga-sanrafaelina-de-futbol-se-posterga-el-inicio\/","title":{"rendered":"TORNEO REGIONAL: POR IRREGULARIDADES DE LA LIGA SANRAFAELINA DE F\u00daTBOL SE POSTERGA EL INICIO"},"content":{"rendered":"<h4>Cada vez resta menos para el inicio del Torneo Regional Federal Amateur 2023\/2024 que tendr\u00e1 la participaci\u00f3n de El Porvenir, Pedal y Hurac\u00e1n como representantes de la Liga Sanrafaelina de F\u00fatbol, sin embargo, el martes se conoci\u00f3 la noticia de que el Consejo Federal no programar\u00e1 los partidos de la 1\u00aa fecha y debut hasta que se regularice la situaci\u00f3n de la entidad madre de nuestro f\u00fatbol.<\/h4>\n<p>Los requisitos y papeles que se les solicit\u00f3 todav\u00eda no est\u00e1n en orden para las m\u00e1ximas autoridades del Consejo Federal por ende afecta en lo deportivo no tan solo a los equipos de San Rafael sino tambi\u00e9n de General Alvear y Malarg\u00fce ya que comparten grupo con los representantes de dicha ciudad.<\/p>\n<p>El panorama es complicado ya que es una puja que tienen por un lado las autoridades de la entidad madre de nuestro f\u00fatbol que ahora est\u00e1 encabezada por Juan Enrique Bielli vicepresidente en el mandato de Alberto P\u00e9rez Gasul, y por el otro el \u00e1rbitro internacional Andr\u00e9s Merlos-muy identificado con el Consejo Federal y la Asociaci\u00f3n del F\u00fatbol Argentino-qui\u00e9n se quiere hacer cargo de los manejos de nuestro f\u00fatbol.<\/p>\n<p>Hasta el momento lo que se sabe es que no se jugar\u00e1 la 1\u00aa fecha, pero no es oficial si los tres elencos que representan al departamento participar\u00e1n o no del certamen, eso a\u00fan es una inc\u00f3gnita.<\/p>\n<p><strong>ZONAS<\/strong><\/p>\n<p>La Regi\u00f3n Cuyo tiene en la la Zona 1 a<span style=\"color: #ff0000;\"> Andes<\/span>, <span style=\"color: #ff0000;\">Sport Club Argentino<\/span> ambos de <span style=\"color: #ff0000;\">General Alvear<\/span>, <span style=\"color: #3366ff;\">Deportivo Malarg\u00fce<\/span> y <span style=\"color: #339966;\">El Porvenir. El \u201cAlbirrojo\u201d<\/span> visita en la 1\u00aa fecha a los malarg\u00fcinos y en el otro duelo se deben enfrentar los alvearenses.<\/p>\n<p>Por su parte, en la Zona 2 la conforman Hurac\u00e1n y Pedal, junto a <span style=\"color: #ff0000;\">Pac\u00edfico<\/span> de <span style=\"color: #ff0000;\">General Alvear<\/span> y <span style=\"color: #339966;\">Vialidad Nacional de Malarg\u00fce<\/span>. En la 1\u00aa fecha se dar\u00e1 una nueva edici\u00f3n del Cl\u00e1sico sanrafaelino donde el <span style=\"color: #3366ff;\">\u201cGlobo\u201d enfrentar\u00e1 al \u201cTricolor\u201d<\/span> en el Pretel Hermanos, en tanto que Pac\u00edfico ser\u00e1 local de Vialidad Nacional.<\/p>\n","protected":false},"excerpt":{"rendered":"<p>Cada vez resta menos para el inicio del Torneo Regional Federal Amateur 2023\/2024 que tendr\u00e1 la participaci\u00f3n de El Porvenir, Pedal &#8230;<\/p>\n","protected":false},"author":7,"featured_media":128717,"comment_status":"open","ping_status":"open","sticky":false,"template":"","format":"standard","meta":{"footnotes":""},"categories":[5,3],"tags":[],"class_list":["post-128716","post","type-post","status-publish","format-standard","has-post-thumbnail","hentry","category-actualidad","category-deportes"],"_links":{"self":[{"href":"https:\/\/vinasfm.com\/noticias\/wp-json\/wp\/v2\/posts\/128716","targetHints":{"allow":["GET"]}}],"collection":[{"href":"https:\/\/vinasfm.com\/noticias\/wp-json\/wp\/v2\/posts"}],"about":[{"href":"https:\/\/vinasfm.com\/noticias\/wp-json\/wp\/v2\/types\/post"}],"author":[{"embeddable":true,"href":"https:\/\/vinasfm.com\/noticias\/wp-json\/wp\/v2\/users\/7"}],"replies":[{"embeddable":true,"href":"https:\/\/vinasfm.com\/noticias\/wp-json\/wp\/v2\/comments?post=128716"}],"version-history":[{"count":1,"href":"https:\/\/vinasfm.com\/noticias\/wp-json\/wp\/v2\/posts\/128716\/revisions"}],"predecessor-version":[{"id":128719,"href":"https:\/\/vinasfm.com\/noticias\/wp-json\/wp\/v2\/posts\/128716\/revisions\/128719"}],"wp:featuredmedia":[{"embeddable":true,"href":"https:\/\/vinasfm.com\/noticias\/wp-json\/wp\/v2\/media\/128717"}],"wp:attachment":[{"href":"https:\/\/vinasfm.com\/noticias\/wp-json\/wp\/v2\/media?parent=128716"}],"wp:term":[{"taxonomy":"category","embeddable":true,"href":"https:\/\/vinasfm.com\/noticias\/wp-json\/wp\/v2\/categories?post=128716"},{"taxonomy":"post_tag","embeddable":true,"href":"https:\/\/vinasfm.com\/noticias\/wp-json\/wp\/v2\/tags?post=128716"}],"curies":[{"name":"wp","href":"https:\/\/api.w.org\/{rel}","templated":true}]}}