{"id":128713,"date":"2023-10-25T10:59:06","date_gmt":"2023-10-25T13:59:06","guid":{"rendered":"https:\/\/vinasfm.com\/noticias\/?p=128713"},"modified":"2023-10-26T09:49:08","modified_gmt":"2023-10-26T12:49:08","slug":"cash-rebate-17-nuevas-producciones-impulsan-el-crecimiento-de-la-industria-audiovisual","status":"publish","type":"post","link":"https:\/\/vinasfm.com\/noticias\/cash-rebate-17-nuevas-producciones-impulsan-el-crecimiento-de-la-industria-audiovisual\/","title":{"rendered":"CASH REBATE: 17 NUEVAS PRODUCCIONES IMPULSAN EL CRECIMIENTO DE LA INDUSTRIA AUDIOVISUAL"},"content":{"rendered":"<p><span style=\"color: #000000;\"><strong>Con 11 producciones locales en la lista, Mendoza se consolida como un polo audiovisual en pleno crecimiento.<\/strong><\/span><\/p>\n<p><span style=\"color: #000000;\">El Gobierno de Mendoza, con la colaboraci\u00f3n conjunta de los ministerios de Econom\u00eda y Energ\u00eda, Cultura y Turismo, convoc\u00f3 a productores locales, nacionales e internacionales a participar en\u00a0<em>Cash Rebate<\/em>, el programa que promueve inversiones en la regi\u00f3n al ofrecer reintegros y facilidades a quienes elijan filmar en tierras mendocinas.<\/span><\/p>\n<p><span style=\"color: #000000;\"><em><strong>\u201cCon un presupuesto de $500 millones, esta edici\u00f3n recibi\u00f3 las propuestas t\u00e9cnicas y presupuestarias de 17 proyectos audiovisuales. El g\u00e9nero de largometraje de ficci\u00f3n se destaca, pero no se queda atr\u00e1s la presencia de producciones documentales\u201d<\/strong><\/em>, explic\u00f3 Virginia Coraglia, asesora del Ministerio de Econom\u00eda y Energ\u00eda.<\/span><\/p>\n<p><span style=\"color: #000000;\"><em><strong>\u201cLa respuesta a la convocatoria super\u00f3 nuestras expectativas y refuerza el crecimiento de la industria en la provincia. De los 17 proyectos, 11 son de origen mendocino, mientras que el resto proviene mayoritariamente de productoras con sede en Buenos Aires\u201d<\/strong><\/em>, a\u00f1adi\u00f3 la funcionaria.<\/span><\/p>\n<p><span style=\"color: #000000;\">El ministro Enrique Vaqui\u00e9 coment\u00f3 al respecto: \u201c<em><strong>Esta iniciativa se integra con otras estrategias de la provincia. Su principal objetivo es generar empleo en el sector y respaldar actividades complementarias, como la promoci\u00f3n tur\u00edstica, ya que proyecta la marca Mendoza a trav\u00e9s de su cultura y paisaje\u201d<\/strong><\/em>, afirm\u00f3.<\/span><\/p>\n<p><span style=\"color: #000000;\">La convocatoria se mantuvo abierta desde el 2 hasta el 20 de octubre, per\u00edodo en el cual los interesados tuvieron la oportunidad de presentar sus proyectos a trav\u00e9s de la plataforma Ticket, incluyendo detalles t\u00e9cnicos y presupuestarios. Como novedad, las productoras, ya sean locales, nacionales o internacionales, que elijan filmar en Mendoza deber\u00e1n comprometerse a contratar al menos 65% de mano de obra e insumos locales.<\/span><\/p>\n<h2><span style=\"color: #000000;\"><strong>Mendoza en acci\u00f3n<\/strong><\/span><\/h2>\n<p><span style=\"color: #000000;\">El Gobierno de Mendoza trabaja de forma constante en el crecimiento de la industria audiovisual, que solo este a\u00f1o ha movido m\u00e1s de $4.000 millones. Con\u00a0<em>Cash Rebate<\/em>, este a\u00f1o se est\u00e1n rodando 12 largometrajes con figuras como Adri\u00e1n Suar, Florencia Pe\u00f1a, Mart\u00edn Bossi, Luciano Castro, Luisana Lopilato y Benjam\u00edn Vicu\u00f1a. En todas participan profesionales, productoras y proveedores de servicio de la provincia.<\/span><\/p>\n<p><span style=\"color: #000000;\">De 2021 a 2022, con Mendoza Activa, Frontera Films logr\u00f3 atraer coproducciones internacionales a Mendoza, como\u00a0<em>Pap\u00e1 al rescate<\/em>, una coproducci\u00f3n entre Chile y Argentina que bati\u00f3 r\u00e9cords de taquilla y se estren\u00f3 en Netflix.<\/span><\/p>\n<p><span style=\"color: #000000;\">Dentro del programa, que logr\u00f3 inversiones r\u00e9cord y repunte de empleo en todos los rubros, se cre\u00f3 un apartado especial para la industria audiovisual, y en 2022, el Gobierno de Mendoza envi\u00f3 a la Legislatura una ley espec\u00edfica para el sector llamada Mendoza Audiovisual.<\/span><\/p>\n<p><span style=\"color: #000000;\">De la mano de Mendoza Audiovisual se cre\u00f3 la Mendoza Film Comission, entidad dedicada a promover a la provincia de Mendoza como polo audiovisual y a contribuir al desarrollo del talento local, coordinando estrategias entre entidades p\u00fablicas y privadas.<\/span><\/p>\n","protected":false},"excerpt":{"rendered":"<p>Con 11 producciones locales en la lista, Mendoza se consolida como un polo audiovisual en pleno crecimiento. El Gobierno de Mendoza, &#8230;<\/p>\n","protected":false},"author":7,"featured_media":128714,"comment_status":"open","ping_status":"open","sticky":false,"template":"","format":"standard","meta":{"footnotes":""},"categories":[5,19],"tags":[],"class_list":["post-128713","post","type-post","status-publish","format-standard","has-post-thumbnail","hentry","category-actualidad","category-cultura"],"_links":{"self":[{"href":"https:\/\/vinasfm.com\/noticias\/wp-json\/wp\/v2\/posts\/128713","targetHints":{"allow":["GET"]}}],"collection":[{"href":"https:\/\/vinasfm.com\/noticias\/wp-json\/wp\/v2\/posts"}],"about":[{"href":"https:\/\/vinasfm.com\/noticias\/wp-json\/wp\/v2\/types\/post"}],"author":[{"embeddable":true,"href":"https:\/\/vinasfm.com\/noticias\/wp-json\/wp\/v2\/users\/7"}],"replies":[{"embeddable":true,"href":"https:\/\/vinasfm.com\/noticias\/wp-json\/wp\/v2\/comments?post=128713"}],"version-history":[{"count":1,"href":"https:\/\/vinasfm.com\/noticias\/wp-json\/wp\/v2\/posts\/128713\/revisions"}],"predecessor-version":[{"id":128715,"href":"https:\/\/vinasfm.com\/noticias\/wp-json\/wp\/v2\/posts\/128713\/revisions\/128715"}],"wp:featuredmedia":[{"embeddable":true,"href":"https:\/\/vinasfm.com\/noticias\/wp-json\/wp\/v2\/media\/128714"}],"wp:attachment":[{"href":"https:\/\/vinasfm.com\/noticias\/wp-json\/wp\/v2\/media?parent=128713"}],"wp:term":[{"taxonomy":"category","embeddable":true,"href":"https:\/\/vinasfm.com\/noticias\/wp-json\/wp\/v2\/categories?post=128713"},{"taxonomy":"post_tag","embeddable":true,"href":"https:\/\/vinasfm.com\/noticias\/wp-json\/wp\/v2\/tags?post=128713"}],"curies":[{"name":"wp","href":"https:\/\/api.w.org\/{rel}","templated":true}]}}