{"id":128705,"date":"2023-10-25T09:47:58","date_gmt":"2023-10-25T12:47:58","guid":{"rendered":"https:\/\/vinasfm.com\/noticias\/?p=128705"},"modified":"2023-10-26T08:51:30","modified_gmt":"2023-10-26T11:51:30","slug":"jorge-perez-brindo-detalles-acerca-de-las-obras-que-se-realizan-en-alvear","status":"publish","type":"post","link":"https:\/\/vinasfm.com\/noticias\/jorge-perez-brindo-detalles-acerca-de-las-obras-que-se-realizan-en-alvear\/","title":{"rendered":"JORGE P\u00c9REZ BRINDO DETALLES ACERCA DE LAS OBRAS QUE SE REALIZAN EN ALVEAR"},"content":{"rendered":"<p><strong><span style=\"color: #000000;\">El Secretario de Obras y Servicios P\u00fablicos Jorge P\u00e9rez comunic\u00f3 el avance en los trabajos correspondientes a demarcado de calles y colocaci\u00f3n de nuevas luminarias Led.<\/span><\/strong><\/p>\n<p><span style=\"color: #000000;\">La inclemencia del tiempo ha retrasado los trabajos en las avenidas donde una empresa se encuentra realizando la demarcatoria de l\u00edneas peatonales, en horario de 18 a 6h, un total de 12h de corrido. Mi\u00e9rcoles o jueves cesar\u00edan las lluvias y estar\u00eda normalizado para culminar.<\/span><\/p>\n<p><span style=\"color: #000000;\">Ayer por la tarde se pudo trabajar en media calzada de la calle Hilario Cuadros, en una extensi\u00f3n de 100m m\u00e1s, por lo que se est\u00e1 terminando la etapa uno del plan de asfalto 2023, para luego realizar la correspondiente presentaci\u00f3n al gobierno provincial, para continuar con la etapa dos.<\/span><\/p>\n<p><span style=\"color: #000000;\">Se realizan trabajos de hormigonado en distintas partes del Departamento, en calle Libertad y en el canal Rodr\u00edguez de Alvear Oeste, con personal municipal.<\/span><\/p>\n<p><a href=\"https:\/\/vinasfm.com\/noticias\/wp-content\/uploads\/2023\/10\/Asfalto-Calle-Emilio-Civit-5-scaled.jpg\"><img loading=\"lazy\" decoding=\"async\" class=\"alignnone size-medium wp-image-128730\" src=\"https:\/\/vinasfm.com\/noticias\/wp-content\/uploads\/2023\/10\/Asfalto-Calle-Emilio-Civit-5-300x200.jpg\" alt=\"\" width=\"300\" height=\"200\" srcset=\"https:\/\/vinasfm.com\/noticias\/wp-content\/uploads\/2023\/10\/Asfalto-Calle-Emilio-Civit-5-300x200.jpg 300w, https:\/\/vinasfm.com\/noticias\/wp-content\/uploads\/2023\/10\/Asfalto-Calle-Emilio-Civit-5-1024x683.jpg 1024w, https:\/\/vinasfm.com\/noticias\/wp-content\/uploads\/2023\/10\/Asfalto-Calle-Emilio-Civit-5-768x512.jpg 768w, https:\/\/vinasfm.com\/noticias\/wp-content\/uploads\/2023\/10\/Asfalto-Calle-Emilio-Civit-5-1536x1024.jpg 1536w, https:\/\/vinasfm.com\/noticias\/wp-content\/uploads\/2023\/10\/Asfalto-Calle-Emilio-Civit-5-2048x1365.jpg 2048w\" sizes=\"auto, (max-width: 300px) 100vw, 300px\" \/><\/a> <a href=\"https:\/\/vinasfm.com\/noticias\/wp-content\/uploads\/2023\/10\/Asfalto-Calle-Emilio-Civit-2-scaled.jpg\"><img loading=\"lazy\" decoding=\"async\" class=\"alignnone size-medium wp-image-128732\" src=\"https:\/\/vinasfm.com\/noticias\/wp-content\/uploads\/2023\/10\/Asfalto-Calle-Emilio-Civit-2-300x200.jpg\" alt=\"\" width=\"300\" height=\"200\" srcset=\"https:\/\/vinasfm.com\/noticias\/wp-content\/uploads\/2023\/10\/Asfalto-Calle-Emilio-Civit-2-300x200.jpg 300w, https:\/\/vinasfm.com\/noticias\/wp-content\/uploads\/2023\/10\/Asfalto-Calle-Emilio-Civit-2-1024x683.jpg 1024w, https:\/\/vinasfm.com\/noticias\/wp-content\/uploads\/2023\/10\/Asfalto-Calle-Emilio-Civit-2-768x512.jpg 768w, https:\/\/vinasfm.com\/noticias\/wp-content\/uploads\/2023\/10\/Asfalto-Calle-Emilio-Civit-2-1536x1024.jpg 1536w, https:\/\/vinasfm.com\/noticias\/wp-content\/uploads\/2023\/10\/Asfalto-Calle-Emilio-Civit-2-2048x1365.jpg 2048w\" sizes=\"auto, (max-width: 300px) 100vw, 300px\" \/><\/a><\/p>\n<p><span style=\"color: #000000;\">El lunes 30 de octubre, Vialidad Nacional realizar\u00e1 mejoras en las banquinas desde Bowen a General Alvear con el acompa\u00f1amiento de personal de la Secretar\u00eda de Obras y Servicios P\u00fablicos. Adem\u00e1s, va a colocar carteler\u00eda desde Cochic\u00f3 y desde Canalejas hasta la Ciudad, con la colaboraci\u00f3n del municipio tambi\u00e9n.<\/span><\/p>\n<p><span style=\"color: #000000;\">Se est\u00e1 culminando la \u00faltima etapa de las dos avenidas paralelas a la Avenida Alvear Oeste con nueva luminaria Led y hay m\u00e1s de 16 plazas intervenidas, en este momento, est\u00e1n trabajando en Bowen, pr\u00f3ximamente en Alvear Oeste y en Carmensa.<\/span><\/p>\n<p><span style=\"color: #000000;\"><em><strong>\u201cRespecto a los registros, cuando se hace una carpeta asf\u00e1ltica, luego Aysam o Aguas Mendocinas hace la demarcaci\u00f3n, se saca el excedente y queda a la vista\u201d<\/strong><\/em>, concluy\u00f3 el funcionario.<\/span><\/p>\n","protected":false},"excerpt":{"rendered":"<p>El Secretario de Obras y Servicios P\u00fablicos Jorge P\u00e9rez comunic\u00f3 el avance en los trabajos correspondientes a demarcado de calles y &#8230;<\/p>\n","protected":false},"author":7,"featured_media":128707,"comment_status":"open","ping_status":"open","sticky":false,"template":"","format":"standard","meta":{"footnotes":""},"categories":[5,29],"tags":[],"class_list":["post-128705","post","type-post","status-publish","format-standard","has-post-thumbnail","hentry","category-actualidad","category-obras-y-servicios"],"_links":{"self":[{"href":"https:\/\/vinasfm.com\/noticias\/wp-json\/wp\/v2\/posts\/128705","targetHints":{"allow":["GET"]}}],"collection":[{"href":"https:\/\/vinasfm.com\/noticias\/wp-json\/wp\/v2\/posts"}],"about":[{"href":"https:\/\/vinasfm.com\/noticias\/wp-json\/wp\/v2\/types\/post"}],"author":[{"embeddable":true,"href":"https:\/\/vinasfm.com\/noticias\/wp-json\/wp\/v2\/users\/7"}],"replies":[{"embeddable":true,"href":"https:\/\/vinasfm.com\/noticias\/wp-json\/wp\/v2\/comments?post=128705"}],"version-history":[{"count":3,"href":"https:\/\/vinasfm.com\/noticias\/wp-json\/wp\/v2\/posts\/128705\/revisions"}],"predecessor-version":[{"id":128733,"href":"https:\/\/vinasfm.com\/noticias\/wp-json\/wp\/v2\/posts\/128705\/revisions\/128733"}],"wp:featuredmedia":[{"embeddable":true,"href":"https:\/\/vinasfm.com\/noticias\/wp-json\/wp\/v2\/media\/128707"}],"wp:attachment":[{"href":"https:\/\/vinasfm.com\/noticias\/wp-json\/wp\/v2\/media?parent=128705"}],"wp:term":[{"taxonomy":"category","embeddable":true,"href":"https:\/\/vinasfm.com\/noticias\/wp-json\/wp\/v2\/categories?post=128705"},{"taxonomy":"post_tag","embeddable":true,"href":"https:\/\/vinasfm.com\/noticias\/wp-json\/wp\/v2\/tags?post=128705"}],"curies":[{"name":"wp","href":"https:\/\/api.w.org\/{rel}","templated":true}]}}