{"id":128697,"date":"2023-10-24T10:22:21","date_gmt":"2023-10-24T13:22:21","guid":{"rendered":"https:\/\/vinasfm.com\/noticias\/?p=128697"},"modified":"2023-10-25T10:22:20","modified_gmt":"2023-10-25T13:22:20","slug":"una-fuerte-caida-de-granizo-azoto-el-valle-de-uco","status":"publish","type":"post","link":"https:\/\/vinasfm.com\/noticias\/una-fuerte-caida-de-granizo-azoto-el-valle-de-uco\/","title":{"rendered":"UNA FUERTE CA\u00cdDA DE GRANIZO AZOT\u00d3 EL VALLE DE UCO"},"content":{"rendered":"<p><span style=\"color: #000000;\"><strong>Los departamentos de Tunuy\u00e1n y Tupungato fueron los m\u00e1s afectados por este fen\u00f3meno que se registr\u00f3 en el Valle de Uco.<\/strong><\/span><\/p>\n<p><span style=\"color: #000000;\">El lunes, en horas de la tarde,\u00a0se registr\u00f3 una fuerte tormenta con ca\u00edda de granizo\u00a0\u00a0en el\u00a0<strong>Valle de Uco<\/strong>, especialmente sobre los departamentos de Tunuyan y Tupungato, afectando varios cultivos. Seg\u00fan indic\u00f3 el periodista Cacho Castro, en los micr\u00f3fonos de <strong><span style=\"color: #0000ff;\">F.M. VI\u00d1AS<\/span><em>, \u201ctuvo una corta duraci\u00f3n pero ocasion\u00f3 da\u00f1os importantes\u201d. <\/em><\/strong><\/span><\/p>\n<p><span style=\"color: #000000;\">Los distritos m\u00e1s afectados en el departamento de Tunuy\u00e1n, fueron Vista Flores, Campo Los Andes, Los Sauces y Villa Seca; <strong><em>\u201cesta franje tiene una gran producci\u00f3n vitivin\u00edcola, pero tambi\u00e9n se produce mucho el durazno y la ciruela\u201d.<\/em><\/strong> En Tupungato la zona m\u00e1s afectada fue la de El Peral; <strong><em>\u201ctambi\u00e9n tiene una gran producci\u00f3n vitivin\u00edcola y de durazno, pero adem\u00e1s cuenta con una importante producci\u00f3n de ajo\u201d.<\/em><\/strong><\/span><\/p>\n<p><img loading=\"lazy\" decoding=\"async\" class=\"\" src=\"https:\/\/media.diariouno.com.ar\/p\/d5ff46c8a323e32ff1ea0cc554522327\/adjuntos\/298\/imagenes\/009\/246\/0009246103\/1200x0\/smart\/tormenta-granizo-valle-uco-2jpg.jpg\" alt=\"Aseguraron que la piedra fue grande y por eso afect\u00f3 las plantaciones de vid, ajo, cereza y durazno.\" width=\"341\" height=\"192\" \/> <img loading=\"lazy\" decoding=\"async\" class=\"\" src=\"https:\/\/media.diariouno.com.ar\/p\/87631d4ad86127e2a39348cd7ea9e85c\/adjuntos\/298\/imagenes\/009\/246\/0009246105\/1200x0\/smart\/tormenta-granizo-valle-uco-4jpg.jpg\" alt=\"Durante la ma\u00f1ana de este martes har\u00e1n una evaluaci\u00f3n de la zona afectada por la tormenta de granizo de la tarde del lunes en zonas productivas del Valle de Uco.\" width=\"342\" height=\"192\" \/><\/p>\n","protected":false},"excerpt":{"rendered":"<p>Los departamentos de Tunuy\u00e1n y Tupungato fueron los m\u00e1s afectados por este fen\u00f3meno que se registr\u00f3 en el Valle de Uco. &#8230;<\/p>\n","protected":false},"author":7,"featured_media":128698,"comment_status":"open","ping_status":"open","sticky":false,"template":"","format":"standard","meta":{"footnotes":""},"categories":[5,17],"tags":[],"class_list":["post-128697","post","type-post","status-publish","format-standard","has-post-thumbnail","hentry","category-actualidad","category-clima"],"_links":{"self":[{"href":"https:\/\/vinasfm.com\/noticias\/wp-json\/wp\/v2\/posts\/128697","targetHints":{"allow":["GET"]}}],"collection":[{"href":"https:\/\/vinasfm.com\/noticias\/wp-json\/wp\/v2\/posts"}],"about":[{"href":"https:\/\/vinasfm.com\/noticias\/wp-json\/wp\/v2\/types\/post"}],"author":[{"embeddable":true,"href":"https:\/\/vinasfm.com\/noticias\/wp-json\/wp\/v2\/users\/7"}],"replies":[{"embeddable":true,"href":"https:\/\/vinasfm.com\/noticias\/wp-json\/wp\/v2\/comments?post=128697"}],"version-history":[{"count":3,"href":"https:\/\/vinasfm.com\/noticias\/wp-json\/wp\/v2\/posts\/128697\/revisions"}],"predecessor-version":[{"id":128711,"href":"https:\/\/vinasfm.com\/noticias\/wp-json\/wp\/v2\/posts\/128697\/revisions\/128711"}],"wp:featuredmedia":[{"embeddable":true,"href":"https:\/\/vinasfm.com\/noticias\/wp-json\/wp\/v2\/media\/128698"}],"wp:attachment":[{"href":"https:\/\/vinasfm.com\/noticias\/wp-json\/wp\/v2\/media?parent=128697"}],"wp:term":[{"taxonomy":"category","embeddable":true,"href":"https:\/\/vinasfm.com\/noticias\/wp-json\/wp\/v2\/categories?post=128697"},{"taxonomy":"post_tag","embeddable":true,"href":"https:\/\/vinasfm.com\/noticias\/wp-json\/wp\/v2\/tags?post=128697"}],"curies":[{"name":"wp","href":"https:\/\/api.w.org\/{rel}","templated":true}]}}